{"id":69460,"date":"2018-09-19T00:00:00","date_gmt":"2018-09-19T06:00:00","guid":{"rendered":"https:\/\/dralvarez.com.mx\/larevista\/blog\/fomenta-seduc-acciones-para-prevenir-el-embarazo-adolescente-29545"},"modified":"2018-09-19T00:00:00","modified_gmt":"2018-09-19T06:00:00","slug":"fomenta-seduc-acciones-para-prevenir-el-embarazo-adolescente-29545","status":"publish","type":"post","link":"https:\/\/dralvarez.com.mx\/larevista\/compeche\/fomenta-seduc-acciones-para-prevenir-el-embarazo-adolescente-29545","title":{"rendered":"Fomenta SEDUC acciones para prevenir El embarazo adolescente"},"content":{"rendered":"<p>Con el prop\u00f3sito de crear conciencia en los alumnos e incidir en la prevenci\u00f3n del embarazo, la Secretar\u00eda de Educaci\u00f3n del Estado (SEDUC), a trav\u00e9s del Programa Nacional de Becas de Apoyo a la Educaci\u00f3n B\u00e1sica de Madres J\u00f3venes y J\u00f3venes Embarazadas (PROMAJOVEN), inici\u00f3 la tercera fase de la campa\u00f1a sobre los derechos sexuales para la prevenci\u00f3n del embarazo adolescente \u201cLa mejor versi\u00f3n de ti\u201d.<\/p>\n<p>Durante el inicio de esta actividad, que se realiz\u00f3 en la Escuela Secundaria General n\u00famero 3, la coordinadora del PROMAJOVEN en Campeche, Ang\u00e9lica Guerrero Sasia, inform\u00f3 que esta campa\u00f1a constituye una serie de pl\u00e1ticas, en coordinaci\u00f3n con el Sistema de Protecci\u00f3n Integral de los Derechos de las Ni\u00f1as, Ni\u00f1os y Adolescentes (SIPPINA).<\/p>\n<p>A\u00f1adi\u00f3 que las charlas se realizar\u00e1n de forma paulatina en municipios del Estado donde la problem\u00e1tica se presenta con mayor frecuencia y atender\u00e1n a m\u00e1s de cuatro mil j\u00f3venes de 26 planteles de nivel Secundaria.<\/p>\n<p>Detall\u00f3 que esta campa\u00f1a se desarrollar\u00e1 hasta el mes de octubre y contemplar\u00e1 pl\u00e1ticas informativas denominadas donde se abordan tem\u00e1ticas sobre derechos sexuales de los adolescentes, proyecto de vida, autoestima y asertividad.<\/p>\n<p>Por su parte, el secretario de Educaci\u00f3n, Ricardo Medina Farf\u00e1n, durante el arranque oficial de estos trabajos, indic\u00f3 que los municipios donde se focalizar\u00e1n las tareas ser\u00e1n Campeche, Ciudad del Carmen, Champot\u00f3n y Candelaria. <\/p>\n<p>El titular de la SEDUC invit\u00f3 a los j\u00f3venes a reflexionar sobre ser padres a corta edad, los sacrificios personales que representa el estar al frente de una familia, los riesgos y que adem\u00e1s para muchos representa truncar su vida profesional y sus sue\u00f1os. <\/p>\n<p>\u201cUn hijo siempre representa una gran responsabilidad, y a tan temprana edad lo es todav\u00eda m\u00e1s; eso no significa que no puedan lograr sus metas, y aunque existen programas de apoyo como PROMAJOVEN, el camino ser\u00e1 a\u00fan m\u00e1s dif\u00edcil. Por eso vale mucho la pena que se realicen estas actividades, que coadyuvan a que piensen en su plan de vida, que les ayudar\u00e1 mucho para que eviten caer en situaciones que los lleven a un embarazo, a una adicci\u00f3n, a un riesgo, porque queremos que sean ni\u00f1as, ni\u00f1os y j\u00f3venes que crezcan y se desarrollen plenamente\u201d, extern\u00f3.<\/p>\n<p>En este evento, alumnos del plantel presentaron un sketch titulado \u201cLa esperanza de un embarazo adolescente\u201d en el que se escenific\u00f3 las consecuencias que conlleva el convertirse en padre en edad temprana, as\u00ed como las dificultades sociales y personales en las que se involucran los j\u00f3venes ante decisiones equivocadas.<\/p>\n","protected":false},"excerpt":{"rendered":"<p>La SEDUC desarrolla campa\u00f1a para disminuir la problem\u00e1tica<\/p>\n","protected":false},"author":1018,"featured_media":0,"comment_status":"open","ping_status":"open","sticky":false,"template":"","format":"standard","meta":{"tdm_status":"","tdm_grid_status":"","footnotes":""},"categories":[27],"tags":[],"_links":{"self":[{"href":"https:\/\/dralvarez.com.mx\/larevista\/wp-json\/wp\/v2\/posts\/69460"}],"collection":[{"href":"https:\/\/dralvarez.com.mx\/larevista\/wp-json\/wp\/v2\/posts"}],"about":[{"href":"https:\/\/dralvarez.com.mx\/larevista\/wp-json\/wp\/v2\/types\/post"}],"author":[{"embeddable":true,"href":"https:\/\/dralvarez.com.mx\/larevista\/wp-json\/wp\/v2\/users\/1018"}],"replies":[{"embeddable":true,"href":"https:\/\/dralvarez.com.mx\/larevista\/wp-json\/wp\/v2\/comments?post=69460"}],"version-history":[{"count":0,"href":"https:\/\/dralvarez.com.mx\/larevista\/wp-json\/wp\/v2\/posts\/69460\/revisions"}],"wp:attachment":[{"href":"https:\/\/dralvarez.com.mx\/larevista\/wp-json\/wp\/v2\/media?parent=69460"}],"wp:term":[{"taxonomy":"category","embeddable":true,"href":"https:\/\/dralvarez.com.mx\/larevista\/wp-json\/wp\/v2\/categories?post=69460"},{"taxonomy":"post_tag","embeddable":true,"href":"https:\/\/dralvarez.com.mx\/larevista\/wp-json\/wp\/v2\/tags?post=69460"}],"curies":[{"name":"wp","href":"https:\/\/api.w.org\/{rel}","templated":true}]}}