{"id":69422,"date":"2018-09-18T00:00:00","date_gmt":"2018-09-18T06:00:00","guid":{"rendered":"https:\/\/dralvarez.com.mx\/larevista\/blog\/se-implementaran-en-campeche-programas-de-la-onudi-para-impulsar-crecimiento-industrial-29507"},"modified":"2018-09-18T00:00:00","modified_gmt":"2018-09-18T06:00:00","slug":"se-implementaran-en-campeche-programas-de-la-onudi-para-impulsar-crecimiento-industrial-29507","status":"publish","type":"post","link":"https:\/\/dralvarez.com.mx\/larevista\/compeche\/se-implementaran-en-campeche-programas-de-la-onudi-para-impulsar-crecimiento-industrial-29507","title":{"rendered":"Se implementar\u00e1n en Campeche programas de La ONUDI para impulsar crecimiento industrial"},"content":{"rendered":"<p>En coordinaci\u00f3n con la Organizaci\u00f3n de las Naciones Unidas para el Desarrollo Industrial (ONUDI) se implementar\u00e1n en Campeche programas que este organismo internacional ha desarrollado con \u00e9xito en otros pa\u00edses para impulsar el crecimiento industrial, inform\u00f3 el titular de la Secretar\u00eda de Desarrollo Econ\u00f3mico (SEDECO) y presidente de la Asociaci\u00f3n Mexicana de Secretarios de Desarrollo Econ\u00f3mico (AMSDE), Jos\u00e9 Domingo Berzunza Esp\u00ednola.<\/p>\n<p>Luego de reunirse con Sabine Haspel, de la Divisi\u00f3n de Coordinaci\u00f3n de Alianzas; Fernando Santiago Rodr\u00edguez, de la Divisi\u00f3n de Investigaci\u00f3n y Asesoramiento en Pol\u00edticas de Desarrollo; y Manuela Eyvazo y Ebe Muschialli, de la Divisi\u00f3n de Cl\u00fasteres e Innovaci\u00f3n de la ONUDI, destac\u00f3 que se trabaja para establecer mecanismos de cooperaci\u00f3n internacional con ese organismo.<\/p>\n<p>Un primer objetivo es la obtenci\u00f3n de asistencia t\u00e9cnica en la puesta en marcha de las Zonas Econ\u00f3micas Especiales, principalmente en la implementaci\u00f3n de los programas de desarrollo, para establecer mecanismos que garanticen la inclusi\u00f3n de contenido local, mediante la participaci\u00f3n de peque\u00f1as y medianas empresas que se encuentren establecidas en las \u00e1reas de influencia, explic\u00f3.<\/p>\n<p>Indic\u00f3 que se plante\u00f3 la necesidad de desarrollar una pol\u00edtica p\u00fablica de impulso a la micro industria, como primer paso para la atenci\u00f3n de la demanda de manufacturas, impulsando el desarrollo industrial inclusivo y sostenible.<\/p>\n<p>Integramos al plan de trabajo, la valorizaci\u00f3n de los productos tradicionales de origen, as\u00ed como la adopci\u00f3n de metodolog\u00edas internacionales para la consolidaci\u00f3n de cl\u00fasteres agroindustriales, tur\u00edsticos y energ\u00e9ticos en el sur-sureste del pa\u00eds, concluy\u00f3.<\/p>\n","protected":false},"excerpt":{"rendered":"<p>Impulsar el crecimiento industrial, inform\u00f3 el titular de la Secretar\u00eda de Desarrollo Econ\u00f3mico<\/p>\n","protected":false},"author":1018,"featured_media":0,"comment_status":"open","ping_status":"open","sticky":false,"template":"","format":"standard","meta":{"tdm_status":"","tdm_grid_status":"","footnotes":""},"categories":[27],"tags":[],"_links":{"self":[{"href":"https:\/\/dralvarez.com.mx\/larevista\/wp-json\/wp\/v2\/posts\/69422"}],"collection":[{"href":"https:\/\/dralvarez.com.mx\/larevista\/wp-json\/wp\/v2\/posts"}],"about":[{"href":"https:\/\/dralvarez.com.mx\/larevista\/wp-json\/wp\/v2\/types\/post"}],"author":[{"embeddable":true,"href":"https:\/\/dralvarez.com.mx\/larevista\/wp-json\/wp\/v2\/users\/1018"}],"replies":[{"embeddable":true,"href":"https:\/\/dralvarez.com.mx\/larevista\/wp-json\/wp\/v2\/comments?post=69422"}],"version-history":[{"count":0,"href":"https:\/\/dralvarez.com.mx\/larevista\/wp-json\/wp\/v2\/posts\/69422\/revisions"}],"wp:attachment":[{"href":"https:\/\/dralvarez.com.mx\/larevista\/wp-json\/wp\/v2\/media?parent=69422"}],"wp:term":[{"taxonomy":"category","embeddable":true,"href":"https:\/\/dralvarez.com.mx\/larevista\/wp-json\/wp\/v2\/categories?post=69422"},{"taxonomy":"post_tag","embeddable":true,"href":"https:\/\/dralvarez.com.mx\/larevista\/wp-json\/wp\/v2\/tags?post=69422"}],"curies":[{"name":"wp","href":"https:\/\/api.w.org\/{rel}","templated":true}]}}