{"id":69415,"date":"2018-09-18T00:00:00","date_gmt":"2018-09-18T06:00:00","guid":{"rendered":"https:\/\/dralvarez.com.mx\/larevista\/blog\/personal-docente-actor-fundamental-para-impulsar-ambientes-escolares-sanos-en-campeche-medina-farfan-29500"},"modified":"2018-09-18T00:00:00","modified_gmt":"2018-09-18T06:00:00","slug":"personal-docente-actor-fundamental-para-impulsar-ambientes-escolares-sanos-en-campeche-medina-farfan-29500","status":"publish","type":"post","link":"https:\/\/dralvarez.com.mx\/larevista\/compeche\/personal-docente-actor-fundamental-para-impulsar-ambientes-escolares-sanos-en-campeche-medina-farfan-29500","title":{"rendered":"Personal docente, actor fundamental para impulsar ambientes escolares sanos en Campeche: Medina Farf\u00e1n"},"content":{"rendered":"<p>\u201cEl trabajo del personal docente en la actualidad, adem\u00e1s de ense\u00f1ar, se trata de impulsar las capacidades de las ni\u00f1as, ni\u00f1os y j\u00f3venes para vivir en armon\u00eda, desarrollar sus talentos y estimular sus habilidades\u201d, se\u00f1al\u00f3 el secretario de Educaci\u00f3n, Ricardo Medina Farf\u00e1n, al hacer uso de la palabra durante la inauguraci\u00f3n del curso de capacitaci\u00f3n a directores y supervisores participantes del Programa Nacional de Convivencia Escolar.<\/p>\n<p>En este acto desarrollado en el Centro de Convenciones y Exposiciones &#8220;Campeche XXI&#8221;, ante 651 directores de escuelas de educaci\u00f3n b\u00e1sica, as\u00ed como 84 supervisores, Medina Farf\u00e1n, recalc\u00f3 la importancia que tiene la implementaci\u00f3n del nuevo modelo educativo, ya que permitir\u00e1 impulsar las habilidades socioemocionales en los estudiantes y as\u00ed coadyuvar a fomentar ambientes \u00f3ptimos en los centros escolares. <\/p>\n<p>\u201cHoy por hoy, las escuelas no pueden limitarse \u00fanicamente a propiciar el aprendizaje de los alumnos, a darles informaci\u00f3n y desarrollar sus talentos, tambi\u00e9n se requieren todos estos instrumentos que tienen el objetivo de generar las herramientas adecuadas que permitan desarrollar las capacidades en las escuelas, para que se pueda tener una incidencia efectiva en los ni\u00f1os para que tengan toda la capacidad y fortaleza para una adecuada convivencia social y que as\u00ed, entre todos podamos generar ambientes seguros para garantizar que sean personas felices, plenas, capaces de tener un mejor futuro\u201d, puntualiz\u00f3.<\/p>\n<p>Agreg\u00f3 que por eso el llamado es a todo el personal involucrado en el ramo educativo, a ser vigilante, ya que muchas veces se carece en casa de atenci\u00f3n, de apoyo y la escuela es la \u00fanica oportunidad efectiva para detectar y atender oportunamente las necesidades afectivas de los ni\u00f1os, ni\u00f1as o j\u00f3venes.<\/p>\n<p>Ante ello precis\u00f3 que en el caso de Campeche, adem\u00e1s del Programa Nacional de Convivencia (PNCE) se han desarrollado estrategias importantes como el concierto-conferencia \u201cOperaci\u00f3n Felicidad\u201d que desarrolla valores en los alumnos, talleres para padres a cargo de Vidal Schmill, entre otros proyectos m\u00e1s con trascendencia social.<\/p>\n<p>Por su parte, David Correa Arellano en representaci\u00f3n de Esther Oldak Finkler, directora del Programa Nacional de Convivencia Escolar, refiri\u00f3 que Campeche es una de las entidades que ha obtenido mejores resultados en el PNCE y que ha demostrado un gran compromiso para impulsarlo.<\/p>\n<p>Asimismo, detall\u00f3 que este curso permiti\u00f3 a los docentes, directores y supervisores de los planteles incorporados al PNCE, tener mejor acercamiento a los materiales del programa y el desarrollo de habilidades socioemocionales que tanto se requieren en las escuelas y en el pa\u00eds.<\/p>\n<p>Y es que indic\u00f3, el objetivo es promover la intervenci\u00f3n pedag\u00f3gica en las escuelas p\u00fablicas de educaci\u00f3n b\u00e1sica, de car\u00e1cter formativo y preventivo, con apoyo de materiales educativos, orientada a que los alumnos reconozcan su propia val\u00eda, aprendan a respetarse y regular sus emociones.<\/p>\n<p>En tanto que la coordinadora de Protecci\u00f3n del Bienestar de Ni\u00f1as, Ni\u00f1os y Adolescentes y la Promoci\u00f3n de la Convivencia Escolar (CONVIVE) agreg\u00f3 que esta actividad se realiz\u00f3 en el marco del respeto a los derechos humanos y la perspectiva de g\u00e9nero.<\/p>\n","protected":false},"excerpt":{"rendered":"<p>Inaugura curso de capacitaci\u00f3n a participantes del Programa Nacional de Convivencia Escolar<\/p>\n","protected":false},"author":1018,"featured_media":0,"comment_status":"open","ping_status":"open","sticky":false,"template":"","format":"standard","meta":{"tdm_status":"","tdm_grid_status":"","footnotes":""},"categories":[27],"tags":[],"_links":{"self":[{"href":"https:\/\/dralvarez.com.mx\/larevista\/wp-json\/wp\/v2\/posts\/69415"}],"collection":[{"href":"https:\/\/dralvarez.com.mx\/larevista\/wp-json\/wp\/v2\/posts"}],"about":[{"href":"https:\/\/dralvarez.com.mx\/larevista\/wp-json\/wp\/v2\/types\/post"}],"author":[{"embeddable":true,"href":"https:\/\/dralvarez.com.mx\/larevista\/wp-json\/wp\/v2\/users\/1018"}],"replies":[{"embeddable":true,"href":"https:\/\/dralvarez.com.mx\/larevista\/wp-json\/wp\/v2\/comments?post=69415"}],"version-history":[{"count":0,"href":"https:\/\/dralvarez.com.mx\/larevista\/wp-json\/wp\/v2\/posts\/69415\/revisions"}],"wp:attachment":[{"href":"https:\/\/dralvarez.com.mx\/larevista\/wp-json\/wp\/v2\/media?parent=69415"}],"wp:term":[{"taxonomy":"category","embeddable":true,"href":"https:\/\/dralvarez.com.mx\/larevista\/wp-json\/wp\/v2\/categories?post=69415"},{"taxonomy":"post_tag","embeddable":true,"href":"https:\/\/dralvarez.com.mx\/larevista\/wp-json\/wp\/v2\/tags?post=69415"}],"curies":[{"name":"wp","href":"https:\/\/api.w.org\/{rel}","templated":true}]}}