{"id":69405,"date":"2018-09-18T00:00:00","date_gmt":"2018-09-18T06:00:00","guid":{"rendered":"https:\/\/dralvarez.com.mx\/larevista\/blog\/walter-olivera-valladares-inaugura-oficinas-de-compania-editorial-29490"},"modified":"2018-09-18T00:00:00","modified_gmt":"2018-09-18T06:00:00","slug":"walter-olivera-valladares-inaugura-oficinas-de-compania-editorial-29490","status":"publish","type":"post","link":"https:\/\/dralvarez.com.mx\/larevista\/compeche\/walter-olivera-valladares-inaugura-oficinas-de-compania-editorial-29490","title":{"rendered":"Walter Olivera Valladares inaugura oficinas de compa\u00f1\u00eda editorial"},"content":{"rendered":"<\/p>\n<p>El jefe<br \/>\nde la Unidad de Comunicaci\u00f3n Social del Gobierno del Estado, Walter Olivera<br \/>\nValladares, en representaci\u00f3n del gobernador Alejandro Moreno C\u00e1rdenas,<br \/>\ninaugur\u00f3 las nuevas oficinas de Dise\u00f1os Gr\u00e1ficos y Audiovisuales de Campeche<br \/>\nS.A de C.V., compa\u00f1\u00eda editora del peri\u00f3dico Horizonte que llega a su XV aniversario<br \/>\ncon 826 publicaciones semanales ininterrumpidas.<\/p>\n<p>Acompa\u00f1ado<br \/>\ndel director del semanario Horizonte, Aldo Javier Zavala Mej\u00eda, el funcionario<br \/>\nestatal recorri\u00f3 las nuevas instalaciones de la empresa y convivi\u00f3 con el<br \/>\npersonal administrativo y operativo. <\/p>\n<p>Durante<br \/>\nla ceremonia inaugural, Olivera Valladares destac\u00f3 que Horizonte Campeche es un<br \/>\nmedio comprometido con la verdad, pues a lo largo de sus primeros XV a\u00f1os se ha<br \/>\nconsolidado como un medio responsable, demostrando as\u00ed que en Campeche se<br \/>\npractica la libre expresi\u00f3n.<\/p>\n<p>Tras<br \/>\nreconocer el trabajo del personal administrativo, as\u00ed como de columnistas y<br \/>\nreporteros, resalt\u00f3 que los medios de comunicaci\u00f3n en el estado ejercen su<br \/>\nfunci\u00f3n y compromiso social sin la censura que en otros estados se practica. <\/p>\n<p>Antes,<br \/>\nel director del rotativo especific\u00f3 que Horizonte Campeche surgi\u00f3 en el a\u00f1o<br \/>\n2003 con la visi\u00f3n de ofrecer a los lectores la mejor y m\u00e1s trascendente<br \/>\ninformaci\u00f3n generada a lo largo de la semana, tanto en el \u00e1mbito local como<br \/>\nnacional.<\/p>\n<p>Por su<br \/>\nparte, el asociado del peri\u00f3dico, Mois\u00e9s S\u00e1nchez Lim\u00f3n, puntualiz\u00f3 que Horizonte<br \/>\nes un medio de comunicaci\u00f3n al servicio de los campechanos, abierto a la<br \/>\npluralidad y siempre apegado al respeto de la vida privada; adem\u00e1s es referente<br \/>\ndel periodismo local porque ha tejido alianzas con otros medios informativos<br \/>\npara hacer eco de todo lo que ocurre en el pa\u00eds.<\/p>\n<p>Asistieron<br \/>\ntambi\u00e9n, el presidente municipal Edgar Hern\u00e1ndez Hern\u00e1ndez; el director de<br \/>\nTVM-Campeche, Marco Mej\u00eda Medina y el representante legal de la empresa,<br \/>\nFrancisco Javier Hern\u00e1ndez.<\/p><\/p>\n","protected":false},"excerpt":{"rendered":"<p>El funcionario estatal recorri\u00f3 las nuevas instalaciones de la empresa y convivi\u00f3 con el personal administrativo y operativo&#8230;<\/p>\n","protected":false},"author":1018,"featured_media":0,"comment_status":"open","ping_status":"open","sticky":false,"template":"","format":"standard","meta":{"tdm_status":"","tdm_grid_status":"","footnotes":""},"categories":[27],"tags":[],"_links":{"self":[{"href":"https:\/\/dralvarez.com.mx\/larevista\/wp-json\/wp\/v2\/posts\/69405"}],"collection":[{"href":"https:\/\/dralvarez.com.mx\/larevista\/wp-json\/wp\/v2\/posts"}],"about":[{"href":"https:\/\/dralvarez.com.mx\/larevista\/wp-json\/wp\/v2\/types\/post"}],"author":[{"embeddable":true,"href":"https:\/\/dralvarez.com.mx\/larevista\/wp-json\/wp\/v2\/users\/1018"}],"replies":[{"embeddable":true,"href":"https:\/\/dralvarez.com.mx\/larevista\/wp-json\/wp\/v2\/comments?post=69405"}],"version-history":[{"count":0,"href":"https:\/\/dralvarez.com.mx\/larevista\/wp-json\/wp\/v2\/posts\/69405\/revisions"}],"wp:attachment":[{"href":"https:\/\/dralvarez.com.mx\/larevista\/wp-json\/wp\/v2\/media?parent=69405"}],"wp:term":[{"taxonomy":"category","embeddable":true,"href":"https:\/\/dralvarez.com.mx\/larevista\/wp-json\/wp\/v2\/categories?post=69405"},{"taxonomy":"post_tag","embeddable":true,"href":"https:\/\/dralvarez.com.mx\/larevista\/wp-json\/wp\/v2\/tags?post=69405"}],"curies":[{"name":"wp","href":"https:\/\/api.w.org\/{rel}","templated":true}]}}