{"id":69397,"date":"2018-09-17T00:00:00","date_gmt":"2018-09-17T06:00:00","guid":{"rendered":"https:\/\/dralvarez.com.mx\/larevista\/blog\/el-dif-estatal-imparte-conferencia-comprendiendo-la-discapacidad-intelectual-29482"},"modified":"2018-09-17T00:00:00","modified_gmt":"2018-09-17T06:00:00","slug":"el-dif-estatal-imparte-conferencia-comprendiendo-la-discapacidad-intelectual-29482","status":"publish","type":"post","link":"https:\/\/dralvarez.com.mx\/larevista\/compeche\/el-dif-estatal-imparte-conferencia-comprendiendo-la-discapacidad-intelectual-29482","title":{"rendered":"El DIF estatal imparte conferencia  \u201ccomprendiendo la discapacidad intelectual\u201d"},"content":{"rendered":"<p>En el marco del ciclo de conferencias DIF\u00fandelo, el Sistema Estatal para el Desarrollo Integral de la Familia (DIF) que preside Christelle Casta\u00f1\u00f3n de Moreno, a trav\u00e9s de la Direcci\u00f3n de Atenci\u00f3n Social y Discapacidad, realiz\u00f3 la disertaci\u00f3n \u201cComprendiendo la Discapacidad Intelectual\u201d, a cargo del psic\u00f3logo Carlo Rub\u00e9n Sansores Herrera.<\/p>\n<p>Cada conferencia aborda un tema de prevenci\u00f3n, orientaci\u00f3n e inclusi\u00f3n de las personas con discapacidad, en este ciclo, se realizan de marzo a noviembre en el sal\u00f3n \u201cLilia Reyes\u201d de la Mansi\u00f3n Carvajal.<\/p>\n<p>Carlo Rub\u00e9n Sansores Herrera, es un profesionista en Psicolog\u00eda de la Facultad de Humanidades de la Universidad Aut\u00f3noma de Campeche, graduado con Menci\u00f3n Honor\u00edfica; cuenta con posgrados en Psicopedagog\u00eda Infantil; Psicopedagog\u00eda Cl\u00ednica Infantil; est\u00e1 certificado por el Centro de Estudios Cl\u00ednica e Investigaci\u00f3n Psicoanal\u00edtica (CECIP) Campeche; tiene especialidad en Atenci\u00f3n Educativa Integral a la Diversidad; Educaci\u00f3n Especial en el Centro de Referencia Latinoamericano para la Educaci\u00f3n Especial (CELAEE) en la Habana, Cuba; en Educaci\u00f3n Humanista, por el Instituto Humanista de Sinaloa; en Detecci\u00f3n temprana, diagn\u00f3stico e intervenci\u00f3n integral de ni\u00f1os con Trastorno del Espectro Autista, en el Centro Integral de Atenci\u00f3n a la Salud Infanto-Juvenil de Argentina y de la Asociaci\u00f3n de Educadores de Latinoam\u00e9rica y del Caribe, A.C. entre otros.<\/p>\n<p>Asistieron estudiantes del Instituto Sim\u00f3n Bol\u00edvar, de las Unidades de Apoyo a la Educaci\u00f3n Superior (USAER) 2 T.M., del Colegio Paidos, del Centro de Atenci\u00f3n M\u00faltiple CAM 18, del Centro de Estudios Superiores del Sureste y personas provenientes de Champot\u00f3n.<\/p>\n","protected":false},"excerpt":{"rendered":"<p>Cada conferencia aborda un tema de prevenci\u00f3n, orientaci\u00f3n e inclusi\u00f3n de las personas con discapacidad<\/p>\n","protected":false},"author":1018,"featured_media":0,"comment_status":"open","ping_status":"open","sticky":false,"template":"","format":"standard","meta":{"tdm_status":"","tdm_grid_status":"","footnotes":""},"categories":[27],"tags":[],"_links":{"self":[{"href":"https:\/\/dralvarez.com.mx\/larevista\/wp-json\/wp\/v2\/posts\/69397"}],"collection":[{"href":"https:\/\/dralvarez.com.mx\/larevista\/wp-json\/wp\/v2\/posts"}],"about":[{"href":"https:\/\/dralvarez.com.mx\/larevista\/wp-json\/wp\/v2\/types\/post"}],"author":[{"embeddable":true,"href":"https:\/\/dralvarez.com.mx\/larevista\/wp-json\/wp\/v2\/users\/1018"}],"replies":[{"embeddable":true,"href":"https:\/\/dralvarez.com.mx\/larevista\/wp-json\/wp\/v2\/comments?post=69397"}],"version-history":[{"count":0,"href":"https:\/\/dralvarez.com.mx\/larevista\/wp-json\/wp\/v2\/posts\/69397\/revisions"}],"wp:attachment":[{"href":"https:\/\/dralvarez.com.mx\/larevista\/wp-json\/wp\/v2\/media?parent=69397"}],"wp:term":[{"taxonomy":"category","embeddable":true,"href":"https:\/\/dralvarez.com.mx\/larevista\/wp-json\/wp\/v2\/categories?post=69397"},{"taxonomy":"post_tag","embeddable":true,"href":"https:\/\/dralvarez.com.mx\/larevista\/wp-json\/wp\/v2\/tags?post=69397"}],"curies":[{"name":"wp","href":"https:\/\/api.w.org\/{rel}","templated":true}]}}