{"id":69394,"date":"2018-09-17T00:00:00","date_gmt":"2018-09-17T06:00:00","guid":{"rendered":"https:\/\/dralvarez.com.mx\/larevista\/blog\/unctad-y-amsde-se-reunen-para-desarrollar-politicas-regionales-de-atraccion-de-inversiones-29479"},"modified":"2018-09-17T00:00:00","modified_gmt":"2018-09-17T06:00:00","slug":"unctad-y-amsde-se-reunen-para-desarrollar-politicas-regionales-de-atraccion-de-inversiones-29479","status":"publish","type":"post","link":"https:\/\/dralvarez.com.mx\/larevista\/compeche\/unctad-y-amsde-se-reunen-para-desarrollar-politicas-regionales-de-atraccion-de-inversiones-29479","title":{"rendered":"UNCTAD y AMSDE se re\u00fanen para desarrollar pol\u00edticas regionales de atracci\u00f3n de inversiones"},"content":{"rendered":"<p>Iniciamos un acuerdo para integrar una agenda de trabajo y que el Estado de Campeche pueda contar con el respaldo internacional de la Conferencia de Naciones Unidas para los Tratados Comerciales y el Desarrollo (UNCTAD), ser\u00e1 la primera vez que se trabaje en conjunto con este organismo internacional, as\u00ed lo dio a conocer el secretario de Desarrollo Econ\u00f3mico, Jos\u00e9 Domingo Berzunza Esp\u00ednola, luego de reunirse con un grupo de expertos de este organismo para abordar temas relacionados con las Zonas Econ\u00f3micas Especiales.<\/p>\n<p>El tambi\u00e9n presidente de la Asociaci\u00f3n Mexicana de Secretarios de Desarrollo Econ\u00f3mico (AMSDE), coment\u00f3 que durante esta reuni\u00f3n de trabajo se abordaron temas como la formulaci\u00f3n de una pol\u00edtica regional efectiva en materia de atracci\u00f3n de inversiones con un enfoque dirigido a las \u00e1reas de influencias de las Zonas Econ\u00f3micas Especiales, as\u00ed como la consolidaci\u00f3n y especializaci\u00f3n portuaria y la inclusi\u00f3n de los puertos de estas Zonas en la red portuaria de comercio internacional.<\/p>\n<p>-Tambi\u00e9n revisamos la formaci\u00f3n de un ecosistema de emprendimiento, as\u00ed como la implementaci\u00f3n de mejores pr\u00e1cticas para la micro y peque\u00f1a empresa en las \u00e1reas de influencia de la ZEE-, explic\u00f3.<\/p>\n<p>El grupo de expertos de la UNCTAD fue coordinado por Fiorina Mugione; Jefa de la Divisi\u00f3n de Inversiones y Desarrollo Empresarial; y Mark Assaf, Jefe de la Divisi\u00f3n de Tecnolog\u00eda y Log\u00edstica.<\/p>\n","protected":false},"excerpt":{"rendered":"<p>El grupo de expertos de la UNCTAD fue coordinado por Fiorina Mugione; Jefa de la Divisi\u00f3n de Inversiones y Desarrollo Empresarial; y Mark Assaf, Jefe<\/p>\n","protected":false},"author":1018,"featured_media":0,"comment_status":"open","ping_status":"open","sticky":false,"template":"","format":"standard","meta":{"tdm_status":"","tdm_grid_status":"","footnotes":""},"categories":[27],"tags":[],"_links":{"self":[{"href":"https:\/\/dralvarez.com.mx\/larevista\/wp-json\/wp\/v2\/posts\/69394"}],"collection":[{"href":"https:\/\/dralvarez.com.mx\/larevista\/wp-json\/wp\/v2\/posts"}],"about":[{"href":"https:\/\/dralvarez.com.mx\/larevista\/wp-json\/wp\/v2\/types\/post"}],"author":[{"embeddable":true,"href":"https:\/\/dralvarez.com.mx\/larevista\/wp-json\/wp\/v2\/users\/1018"}],"replies":[{"embeddable":true,"href":"https:\/\/dralvarez.com.mx\/larevista\/wp-json\/wp\/v2\/comments?post=69394"}],"version-history":[{"count":0,"href":"https:\/\/dralvarez.com.mx\/larevista\/wp-json\/wp\/v2\/posts\/69394\/revisions"}],"wp:attachment":[{"href":"https:\/\/dralvarez.com.mx\/larevista\/wp-json\/wp\/v2\/media?parent=69394"}],"wp:term":[{"taxonomy":"category","embeddable":true,"href":"https:\/\/dralvarez.com.mx\/larevista\/wp-json\/wp\/v2\/categories?post=69394"},{"taxonomy":"post_tag","embeddable":true,"href":"https:\/\/dralvarez.com.mx\/larevista\/wp-json\/wp\/v2\/tags?post=69394"}],"curies":[{"name":"wp","href":"https:\/\/api.w.org\/{rel}","templated":true}]}}