{"id":69387,"date":"2018-09-17T00:00:00","date_gmt":"2018-09-17T06:00:00","guid":{"rendered":"https:\/\/dralvarez.com.mx\/larevista\/blog\/el-gobernador-alejandro-moreno-cardenas-saludo-al-presidente-enrique-pena-nieto-29472"},"modified":"2018-09-17T00:00:00","modified_gmt":"2018-09-17T06:00:00","slug":"el-gobernador-alejandro-moreno-cardenas-saludo-al-presidente-enrique-pena-nieto-29472","status":"publish","type":"post","link":"https:\/\/dralvarez.com.mx\/larevista\/compeche\/el-gobernador-alejandro-moreno-cardenas-saludo-al-presidente-enrique-pena-nieto-29472","title":{"rendered":"El gobernador Alejandro Moreno C\u00e1rdenas salud\u00f3 al presidente Enrique Pe\u00f1a Nieto"},"content":{"rendered":"<p>El gobernador Alejandro Moreno C\u00e1rdenas salud\u00f3 al presidente Enrique Pe\u00f1a Nieto en Palacio Nacional, tras asistir como invitado especial a presenciar el desfile militar del 16 de septiembre que con motivo del CCVIII aniversario del inicio de la lucha por la independencia nacional, presidi\u00f3 el titular del Ejecutivo federal en el z\u00f3calo capitalino.<\/p>\n","protected":false},"excerpt":{"rendered":"<p>invitado especial a presenciar el desfile militar del 16 de septiembre que con motivo del CCVIII aniversario del inicio de la lucha por la independenc<\/p>\n","protected":false},"author":1018,"featured_media":0,"comment_status":"open","ping_status":"open","sticky":false,"template":"","format":"standard","meta":{"tdm_status":"","tdm_grid_status":"","footnotes":""},"categories":[27],"tags":[],"_links":{"self":[{"href":"https:\/\/dralvarez.com.mx\/larevista\/wp-json\/wp\/v2\/posts\/69387"}],"collection":[{"href":"https:\/\/dralvarez.com.mx\/larevista\/wp-json\/wp\/v2\/posts"}],"about":[{"href":"https:\/\/dralvarez.com.mx\/larevista\/wp-json\/wp\/v2\/types\/post"}],"author":[{"embeddable":true,"href":"https:\/\/dralvarez.com.mx\/larevista\/wp-json\/wp\/v2\/users\/1018"}],"replies":[{"embeddable":true,"href":"https:\/\/dralvarez.com.mx\/larevista\/wp-json\/wp\/v2\/comments?post=69387"}],"version-history":[{"count":0,"href":"https:\/\/dralvarez.com.mx\/larevista\/wp-json\/wp\/v2\/posts\/69387\/revisions"}],"wp:attachment":[{"href":"https:\/\/dralvarez.com.mx\/larevista\/wp-json\/wp\/v2\/media?parent=69387"}],"wp:term":[{"taxonomy":"category","embeddable":true,"href":"https:\/\/dralvarez.com.mx\/larevista\/wp-json\/wp\/v2\/categories?post=69387"},{"taxonomy":"post_tag","embeddable":true,"href":"https:\/\/dralvarez.com.mx\/larevista\/wp-json\/wp\/v2\/tags?post=69387"}],"curies":[{"name":"wp","href":"https:\/\/api.w.org\/{rel}","templated":true}]}}