{"id":69386,"date":"2018-09-17T00:00:00","date_gmt":"2018-09-17T06:00:00","guid":{"rendered":"https:\/\/dralvarez.com.mx\/larevista\/blog\/mas-de-cuatro-mil-participantes-en-el-desfile-civico-militar-del-16-de-septiembre-29471"},"modified":"2018-09-17T00:00:00","modified_gmt":"2018-09-17T06:00:00","slug":"mas-de-cuatro-mil-participantes-en-el-desfile-civico-militar-del-16-de-septiembre-29471","status":"publish","type":"post","link":"https:\/\/dralvarez.com.mx\/larevista\/compeche\/mas-de-cuatro-mil-participantes-en-el-desfile-civico-militar-del-16-de-septiembre-29471","title":{"rendered":"M\u00e1s de cuatro mil participantes en el desfile c\u00edvico militar del 16 de septiembre"},"content":{"rendered":"<p>En representaci\u00f3n del gobernador Alejandro Moreno C\u00e1rdenas, el secretario general de Gobierno, Carlos Miguel Aysa Gonz\u00e1lez, acompa\u00f1ado de los comandantes de la Tercera Regi\u00f3n Naval, Enrique Genaro Padilla \u00c1vila y de la 33\u00aa Zona Militar, Ricardo Flores Gonz\u00e1lez, encabez\u00f3 el tradicional desfile c\u00edvico militar del 16 de septiembre que se llev\u00f3 a cabo en el marco del CCVIII aniversario del inicio de la lucha de la Independencia de M\u00e9xico con la participaci\u00f3n de poco m\u00e1s de cuatro mil personas, entre estudiantes, docentes, elementos polic\u00edacos, personal del Ej\u00e9rcito Mexicano y de la Armada de M\u00e9xico e integrantes de asociaciones de charros.<\/p>\n<p>El Secretario General de Gobierno dio inicio esta ma\u00f1ana a las actividades conmemorativas al presidir en punto de las 8:45 horas la ceremonia de izamiento del l\u00e1baro patrio en la astabandera monumental y luego se dirigi\u00f3 hasta a los bajos del edificio de Torres de Cristal para, desde ah\u00ed, presenciar el paso de los contingentes.<\/p>\n<p>El desfile que tuvo un tiempo de duraci\u00f3n de una hora, se desarroll\u00f3 desde el astabandera hasta el Centro de Convenciones y Exposiciones \u201cCampeche XXI\u201d y comenz\u00f3 con la descubierta de motociclistas de la Secretar\u00eda de Seguridad P\u00fablica, seguido por integrantes de la 33\u00aa Zona Militar, la Banda de M\u00fasica del Gobierno del Estado, la unidad de elementos de la Tercera Regi\u00f3n Naval y binomios caninos de la SSP.<\/p>\n<p>De los cuatro mil 65 participantes, dos mil 900 fueron alumnos de 16 escuelas de nivel b\u00e1sico, medio superior y superior; 128 profesores, 140 elementos polic\u00edacos, 45 m\u00fasicos, ocho binomios caninos, as\u00ed como 80 jinetes del Centro Equino Integral y de la Asociaci\u00f3n de Charros \u201cAugusto Gordillo\u201d.<\/p>\n<p>Tambi\u00e9n, el D\u00e9cimo Batall\u00f3n de Infanter\u00eda de la 33\u00aa Zona Militar particip\u00f3 con 582 soldados de las secciones de fusileros, escuadra de francotiradores, agrupamientos de operaciones en selva y de armas de apoyo, mujeres voluntarias y j\u00f3venes del Servicio Militar Nacional; en tanto, de la Tercera Regi\u00f3n Naval desfilaron 190 elementos, 26 veh\u00edculos militares y dos embarcaciones.<\/p>\n<p>Entre las escuelas que participaron se encuentran las secundarias generales n\u00famero 17, 27 y 28, Instituto Campechano, Cecytec, Cobacam, CBTIS, Centro de Estudios Tecnol\u00f3gico del Mar, Universidad Aut\u00f3noma de Campeche y los institutos tecnol\u00f3gicos de Campeche, Lerma y Chin\u00e1. <\/p>\n<p>Presenciaron tambi\u00e9n el desfile la presidenta de la Junta de Gobierno y Administraci\u00f3n del Congreso, Laura Baqueiro Ramos; el titular del Poder Judicial, Miguel \u00c1ngel Chuc L\u00f3pez; el secretario de Educaci\u00f3n, Ricardo Medina Farf\u00e1n; la secretaria de Finanzas, Am\u00e9rica Azar P\u00e9rez; el secretario del Ayuntamiento, Jes\u00fas Qui\u00f1ones Loeza y el director del Instituto del Deporte, Jorge Carlos Hurtado Montero, entre otras autoridades.<\/p>\n<p><\/p>\n","protected":false},"excerpt":{"rendered":"<p>El desfile que tuvo un tiempo de duraci\u00f3n de una hora, se desarroll\u00f3 desde el astabandera hasta el Centro de Convenciones y Exposiciones \u201cCampeche XXI<\/p>\n","protected":false},"author":1018,"featured_media":0,"comment_status":"open","ping_status":"open","sticky":false,"template":"","format":"standard","meta":{"tdm_status":"","tdm_grid_status":"","footnotes":""},"categories":[27],"tags":[],"_links":{"self":[{"href":"https:\/\/dralvarez.com.mx\/larevista\/wp-json\/wp\/v2\/posts\/69386"}],"collection":[{"href":"https:\/\/dralvarez.com.mx\/larevista\/wp-json\/wp\/v2\/posts"}],"about":[{"href":"https:\/\/dralvarez.com.mx\/larevista\/wp-json\/wp\/v2\/types\/post"}],"author":[{"embeddable":true,"href":"https:\/\/dralvarez.com.mx\/larevista\/wp-json\/wp\/v2\/users\/1018"}],"replies":[{"embeddable":true,"href":"https:\/\/dralvarez.com.mx\/larevista\/wp-json\/wp\/v2\/comments?post=69386"}],"version-history":[{"count":0,"href":"https:\/\/dralvarez.com.mx\/larevista\/wp-json\/wp\/v2\/posts\/69386\/revisions"}],"wp:attachment":[{"href":"https:\/\/dralvarez.com.mx\/larevista\/wp-json\/wp\/v2\/media?parent=69386"}],"wp:term":[{"taxonomy":"category","embeddable":true,"href":"https:\/\/dralvarez.com.mx\/larevista\/wp-json\/wp\/v2\/categories?post=69386"},{"taxonomy":"post_tag","embeddable":true,"href":"https:\/\/dralvarez.com.mx\/larevista\/wp-json\/wp\/v2\/tags?post=69386"}],"curies":[{"name":"wp","href":"https:\/\/api.w.org\/{rel}","templated":true}]}}