{"id":69354,"date":"2018-09-17T00:00:00","date_gmt":"2018-09-17T06:00:00","guid":{"rendered":"https:\/\/dralvarez.com.mx\/larevista\/blog\/el-deporte-genera-disciplina-y-la-disciplina-permite-alcanzar-cualquier-sueno-medina-farfan-29439"},"modified":"2018-09-17T00:00:00","modified_gmt":"2018-09-17T06:00:00","slug":"el-deporte-genera-disciplina-y-la-disciplina-permite-alcanzar-cualquier-sueno-medina-farfan-29439","status":"publish","type":"post","link":"https:\/\/dralvarez.com.mx\/larevista\/compeche\/el-deporte-genera-disciplina-y-la-disciplina-permite-alcanzar-cualquier-sueno-medina-farfan-29439","title":{"rendered":"El deporte genera disciplina, y la disciplina permite alcanzar cualquier sue\u00f1o: Medina Farf\u00e1n"},"content":{"rendered":"<p>\u201cEl realizar una actividad f\u00edsica desde etapas tempranas, es importante porque no s\u00f3lo permitir\u00e1 que se desarrollen como ni\u00f1os, ni\u00f1as y j\u00f3venes capaces, sino como buenos deportistas, adem\u00e1s de manera personal les genera disciplina, y ser disciplinado es fundamental en la vida para alcanzar cualquier meta que quieran desempe\u00f1ar y tengan muy claro algo, el ser disciplinado les permitir\u00e1 alcanzar cualquier sue\u00f1o\u201d, este fue el mensaje que comparti\u00f3 el secretario de Educaci\u00f3n, Ricardo Medina Farf\u00e1n, durante la inauguraci\u00f3n ayer del Campeonato Estatal de Capacidades F\u00edsicas.<\/p>\n<p>Ante cientos de ni\u00f1os, ni\u00f1as y j\u00f3venes, as\u00ed como padres de familia, y acompa\u00f1ado del director del Instituto Estatal del Deporte (INDECAM), Jorge Carlos Hurtado Montero, en la Unidad Deportiva \u201c20 de Noviembre&#8221;, el titular de la Secretar\u00eda de Educaci\u00f3n de Campeche (SEDUC) precis\u00f3 que esta actividad es muy importante, ya que permitir\u00e1 detectar a los estudiantes con mayor rendimiento f\u00edsico, que podr\u00e1n representar a Campeche en el Campeonato Nacional, a desarrollarse en Cuernavaca.<\/p>\n<p>\u201cPor ello chicos deben de tener algo claro, este proceso es muy importante, es importante porque nos permitir\u00e1 detectar a los ocho chicos m\u00e1s h\u00e1biles, que saltan m\u00e1s, que corren m\u00e1s, que tienen mayores capacidades f\u00edsicas, que ir\u00e1n a representar a Campeche, tras este proceso de detecci\u00f3n de habilidades, pero no s\u00f3lo eso, que les permitir\u00e1 demostrarse a s\u00ed mismos que no s\u00f3lo tienen altas capacidades intelectuales, sino tambi\u00e9n f\u00edsicas, y es lo que como autoridades educativas estamos ponderando, ofrecerles actividades para su desarrollo f\u00edsico e intelectual\u201d.<\/p>\n<p>Medina Farf\u00e1n a\u00f1adi\u00f3 que este es el mejor momento para vincular a los estudiantes con el deporte, desde etapas tempranas, porque les permitir\u00e1 no s\u00f3lo desarrollar su cuerpo, sino adem\u00e1s permitirle una formaci\u00f3n integral para su vida, ya que es una herramienta que les impulsa a tener un mejor desarrollo social, a seguir reglas, aumentar sus posibilidades motoras, as\u00ed como la creaci\u00f3n y regularizaci\u00f3n de buenos h\u00e1bitos.<\/p>\n<p>\u201cUstedes est\u00e1n creciendo y este proceso de desarrollo est\u00e1 en plenitud, y para ello tienen que desarrollar su cuerpo, sus m\u00fasculos; y el ejercicio es lo mejor para ello, y no hay nada mejor que desarrollar una actividad f\u00edsica y eso lo tenemos claro desde la Secretar\u00eda de Educaci\u00f3n, por lo que estamos trabajando de la mano con el Instituto del Deporte para fortalecer su desarrollo\u201d a\u00f1adi\u00f3.<\/p>\n<p>Por su parte el director general del INDECAM, destac\u00f3 que este proceso servir\u00e1 para seleccionar a los ocho mejores deportistas que asistir\u00e1n al Campeonato Nacional en Cuernavaca del 21 al 23 de septiembre. Destac\u00f3 que la invitaci\u00f3n se lanz\u00f3 a estudiantes de centros escolares de Campeche en las categor\u00edas 9-10 a\u00f1os, 11-12 a\u00f1os, 13-14 a\u00f1os y 15-16 a\u00f1os.<\/p>\n<p>Por \u00faltimo, precis\u00f3 que esta actividad forma parte del programa \u201cMu\u00e9vete Escolar\u201d, donde se involucra a ni\u00f1os y j\u00f3venes de 9 a 16 a\u00f1os, que se encuentren estudiando la primaria, secundaria y preparatoria.<\/p>\n<p>En esta actividad estuvieron presentes tambi\u00e9n el acto el coordinador de Educaci\u00f3n F\u00edsica, Cultura y Deporte de la SEDUC, Jairzinio Reyes Fuentes y Manuel Caba\u00f1a Guerra, jefe de activaci\u00f3n f\u00edsica del INDECAM.<\/p>\n","protected":false},"excerpt":{"rendered":"<p>Esta actividad es muy importante, ya que permitir\u00e1 detectar a los estudiantes con mayor rendimiento f\u00edsico&#8230;<\/p>\n","protected":false},"author":1018,"featured_media":0,"comment_status":"open","ping_status":"open","sticky":false,"template":"","format":"standard","meta":{"tdm_status":"","tdm_grid_status":"","footnotes":""},"categories":[27],"tags":[],"_links":{"self":[{"href":"https:\/\/dralvarez.com.mx\/larevista\/wp-json\/wp\/v2\/posts\/69354"}],"collection":[{"href":"https:\/\/dralvarez.com.mx\/larevista\/wp-json\/wp\/v2\/posts"}],"about":[{"href":"https:\/\/dralvarez.com.mx\/larevista\/wp-json\/wp\/v2\/types\/post"}],"author":[{"embeddable":true,"href":"https:\/\/dralvarez.com.mx\/larevista\/wp-json\/wp\/v2\/users\/1018"}],"replies":[{"embeddable":true,"href":"https:\/\/dralvarez.com.mx\/larevista\/wp-json\/wp\/v2\/comments?post=69354"}],"version-history":[{"count":0,"href":"https:\/\/dralvarez.com.mx\/larevista\/wp-json\/wp\/v2\/posts\/69354\/revisions"}],"wp:attachment":[{"href":"https:\/\/dralvarez.com.mx\/larevista\/wp-json\/wp\/v2\/media?parent=69354"}],"wp:term":[{"taxonomy":"category","embeddable":true,"href":"https:\/\/dralvarez.com.mx\/larevista\/wp-json\/wp\/v2\/categories?post=69354"},{"taxonomy":"post_tag","embeddable":true,"href":"https:\/\/dralvarez.com.mx\/larevista\/wp-json\/wp\/v2\/tags?post=69354"}],"curies":[{"name":"wp","href":"https:\/\/api.w.org\/{rel}","templated":true}]}}