{"id":69347,"date":"2018-09-17T00:00:00","date_gmt":"2018-09-17T06:00:00","guid":{"rendered":"https:\/\/dralvarez.com.mx\/larevista\/blog\/es-tiempo-de-contribuir-a-superar-los-desafios-que-enfrentamos-como-nacion-medina-farfan-29432"},"modified":"2018-09-17T00:00:00","modified_gmt":"2018-09-17T06:00:00","slug":"es-tiempo-de-contribuir-a-superar-los-desafios-que-enfrentamos-como-nacion-medina-farfan-29432","status":"publish","type":"post","link":"https:\/\/dralvarez.com.mx\/larevista\/compeche\/es-tiempo-de-contribuir-a-superar-los-desafios-que-enfrentamos-como-nacion-medina-farfan-29432","title":{"rendered":"Es tiempo de contribuir a superar los desaf\u00edos que enfrentamos como naci\u00f3n: Medina Farf\u00e1n"},"content":{"rendered":"<p>\u201cSeptiembre es un mes en el que se respira la patria, y en el cual debemos recordar y valorar lo que nos da sentido e identidad como mexicanos. Este mes nos permite reflexionar sobre nuestra esencia, sentirnos orgullosos de que somos hijos de una patria milenaria, con basta riqueza cultural y natural, que se expresa de m\u00faltiples formas\u201d, afirm\u00f3 el secretario de Educaci\u00f3n, Ricardo Medina Farf\u00e1n, al encabezar el homenaje a la memoria de Don Francisco Gonz\u00e1lez Bocanegra, a Don Jaime Nun\u00f3 y la anexi\u00f3n de Chiapas a la Rep\u00fablica Mexicana.<\/p>\n<p>A los pies del asta bandera monumental, donde previamente abander\u00f3 a 13 escoltas de centros educativos del Estado, el titular de la SEDUC, al ser el orador principal de este acto c\u00edvico, afirm\u00f3 que la entrega del l\u00e1baro patrio es una forma simb\u00f3lica de poner en sus manos nuestra patria, y dejarles en claro que la mejor forma de demostrar nuestro amor a Campeche y a M\u00e9xico es hacer todo lo que est\u00e9 a nuestro alcance por tener un mejor Estado y un mejor pa\u00eds.<\/p>\n<p>\u201cTodos debemos y podemos contribuir a superar los desaf\u00edos que enfrentamos como naci\u00f3n. No hay espacio para dudar ni para renunciar a la responsabilidad c\u00edvica que nos corresponde. Todos los mexicanos anhelamos un mejor pa\u00eds, pero no lo vamos a lograr si no nos decidimos a ser mejores mexicanos. Es nuestro deber heredar un pa\u00eds m\u00e1s grande y m\u00e1s fuerte a nuestros hijos, pues a ellos les pertenece. Hoy entregamos la bandera a los ni\u00f1os, ni\u00f1as y j\u00f3venes de nuestro Estado, simb\u00f3licamente ponemos en sus manos tambi\u00e9n a nuestra patria\u201d, mencion\u00f3. <\/p>\n<p>Por otra parte, Medina Farf\u00e1n, a\u00f1adi\u00f3 que el Himno Nacional mexicano es el m\u00e1s hermoso poema de libertad de nuestra patria el cual, desde el 2005, ha sido traducido a diversas lenguas ind\u00edgenas, entre ellas la maya. Dijo que al ser pronunciadas sus estrofas y cada una de sus notas, mueve los sentimientos de todos los mexicanos y expresa la voluntad de un pueblo decidido a superar todas sus dificultades.<\/p>\n<p>\u201cUn soldado en cada hijo te dio, es la promesa de cada mexicano por amar a este pa\u00eds; pa\u00eds que no s\u00f3lo es la tierra donde nacimos, sino el lugar que nos ha brindado oportunidades, satisfacciones, seguramente tambi\u00e9n tristezas y enojos, pero que al final es nuestro, es m\u00edo y es tuyo, es nuestro M\u00e9xico.<br \/>M\u00e9xico, gracias a todos los que dieron su vida y a los que siguen luchando por construir este pa\u00eds, debe de ser el lugar en donde se respeten las libertades, en donde no haya esclavitud, en donde prevalezca la raz\u00f3n y el argumento, en donde todos tengamos la oportunidad de hacer una vida mejor y de vivir en paz\u201d.<\/p>\n<p>Previamente el encargado de las pol\u00edticas educativas del Estado, tom\u00f3 protesta a las 13 escoltas de escuelas primarias, secundarias, telesecundarias, misiones culturales, y Centros de Atenci\u00f3n M\u00faltiple, a quienes de manera oficial se les hizo entrega del l\u00e1baro patrio. Este proceso responde a la gesti\u00f3n de cada colegio ante las autoridades educativas para renovar su pend\u00f3n o porque a\u00fan no contaban con el l\u00e1baro patrio para sus actos c\u00edvicos escolares.<\/p>\n<p>Posteriormente, Medina Farf\u00e1n, felicit\u00f3 e hizo entrega de reconocimiento y premio a los ganadores del primer lugar del concurso de expresi\u00f3n literaria sobre los s\u00edmbolos patrios 2018, y del XXXVI concurso de interpretaci\u00f3n del Himno Nacional, dentro de los que destacan alumnos de escuelas de los municipios de El Carmen, Campeche, Hecelchak\u00e1n, Calakmul, Candelaria y Champot\u00f3n.<\/p>\n<p><\/p>\n","protected":false},"excerpt":{"rendered":"<p>Encabeza secretario de Educaci\u00f3n abanderamiento de 13 escoltas de escuelas del Estado&#8230;<\/p>\n","protected":false},"author":1018,"featured_media":0,"comment_status":"open","ping_status":"open","sticky":false,"template":"","format":"standard","meta":{"tdm_status":"","tdm_grid_status":"","footnotes":""},"categories":[27],"tags":[],"_links":{"self":[{"href":"https:\/\/dralvarez.com.mx\/larevista\/wp-json\/wp\/v2\/posts\/69347"}],"collection":[{"href":"https:\/\/dralvarez.com.mx\/larevista\/wp-json\/wp\/v2\/posts"}],"about":[{"href":"https:\/\/dralvarez.com.mx\/larevista\/wp-json\/wp\/v2\/types\/post"}],"author":[{"embeddable":true,"href":"https:\/\/dralvarez.com.mx\/larevista\/wp-json\/wp\/v2\/users\/1018"}],"replies":[{"embeddable":true,"href":"https:\/\/dralvarez.com.mx\/larevista\/wp-json\/wp\/v2\/comments?post=69347"}],"version-history":[{"count":0,"href":"https:\/\/dralvarez.com.mx\/larevista\/wp-json\/wp\/v2\/posts\/69347\/revisions"}],"wp:attachment":[{"href":"https:\/\/dralvarez.com.mx\/larevista\/wp-json\/wp\/v2\/media?parent=69347"}],"wp:term":[{"taxonomy":"category","embeddable":true,"href":"https:\/\/dralvarez.com.mx\/larevista\/wp-json\/wp\/v2\/categories?post=69347"},{"taxonomy":"post_tag","embeddable":true,"href":"https:\/\/dralvarez.com.mx\/larevista\/wp-json\/wp\/v2\/tags?post=69347"}],"curies":[{"name":"wp","href":"https:\/\/api.w.org\/{rel}","templated":true}]}}