{"id":69346,"date":"2018-09-17T00:00:00","date_gmt":"2018-09-17T06:00:00","guid":{"rendered":"https:\/\/dralvarez.com.mx\/larevista\/blog\/ajustan-escuelas-de-tiempo-completo-horario-minimo-para-cumplir-en-planteles-beneficiados-29430"},"modified":"2018-09-17T00:00:00","modified_gmt":"2018-09-17T06:00:00","slug":"ajustan-escuelas-de-tiempo-completo-horario-minimo-para-cumplir-en-planteles-beneficiados-29430","status":"publish","type":"post","link":"https:\/\/dralvarez.com.mx\/larevista\/compeche\/ajustan-escuelas-de-tiempo-completo-horario-minimo-para-cumplir-en-planteles-beneficiados-29430","title":{"rendered":"Ajustan escuelas de tiempo completo horario m\u00ednimo para cumplir en planteles beneficiados"},"content":{"rendered":"<p>En el marco de los procesos de mejora continua y con base a los criterios de Rubros de Gasto del Programa de Escuelas de Tiempo Completo (PETC) establecidos para el ciclo escolar 2018- 2019, en el ejercicio fiscal 2018, la Secretar\u00eda de Educaci\u00f3n del Estado de Campeche (SEDUC) precis\u00f3 el horario que deber\u00e1 cubrir la jornada escolar en los planteles educativos que forman parte de este.<\/p>\n<p>De acuerdo con la coordinadora estatal del Programa de Escuelas de Tiempo Completo (PETC), Yamile Yazm\u00edn Novelo Rej\u00f3n, al dar inicio el nuevo ciclo escolar es el momento adecuado para dar a conocer estos nuevos criterios, que permitan cumplir con los reglamentos y normatividad fiscal, del rubro de gastos, y ejercer correctamente los recursos que ejecuta este programa, en beneficio inmediato de directores, docentes e intendentes.<\/p>\n<p>\u201cCon las reglas de operaci\u00f3n del 2018 y el Criterio de rubro de gastos 2018, se ten\u00edan que realizar estos ajustes; en los mismos se espec\u00edfica el horario m\u00ednimo que se tiene que cumplir en las primarias generales, rurales, ind\u00edgenas, con o sin servicio de alimentaci\u00f3n, as\u00ed como telesecundarias y secundar\u00edas t\u00e9cnicas. Por ello con la coordinaci\u00f3n de Tiempo Completo y la Subsecretar\u00eda de Educaci\u00f3n b\u00e1sica para cumplir con la normatividad y ejercer correctamente el recurso se realiz\u00f3 este proceso, que busca otorgar el apoyo econ\u00f3mico de forma correcta, cumpliendo con la operatividad del programa\u201d.<\/p>\n<p>Novelo Rej\u00f3n precis\u00f3 que para difundir a profundidad los detalles, de esta modificaci\u00f3n, se ha girado una circular a los centros escolares participantes que aclara a detalle el tiempo que deber\u00e1n de cumplir, para obtener el apoyo econ\u00f3mico, el personal de primaria y telesecundaria, destacando las horas efectivas de trabajo frente a grupo.<\/p>\n<p>La coordinadora de este programa destac\u00f3 que en esta normativa se prioriza que se deber\u00e1 de brindar este servicio de forma segura, adecuada, y utilizando de forma eficiente el tiempo, espacio de los alimentos y que los alumnos beneficiados ingieran sus alimentos de forma adecuada.<\/p>\n<p>Adem\u00e1s de que el horario m\u00ednimo podr\u00e1 ser ajustado a fin de que se incremente el tiempo y sea m\u00e1s de la media hora asignada al servicio de alimentaci\u00f3n, conforme a la necesidad de las ETC y acorde a la matr\u00edcula de los alumnos beneficiados o condiciones f\u00edsicas de dicho servicio.<\/p>\n<p>Para dicho ajuste acot\u00f3 deber\u00e1 haber un acuerdo con los padres de familia en presencia del presidente del Comit\u00e9 de Contralor\u00eda Social, del Responsable Operativo de Nutrici\u00f3n (RON) y la supervisi\u00f3n escolar, y este acuerdo deber\u00e1 ser documentado mediante acta, la cual ser\u00e1 remitida adjunta al oficio de notificaci\u00f3n a la Subsecretaria de Educaci\u00f3n B\u00e1sica y a la Coordinaci\u00f3n Estatal del PETC, para su validaci\u00f3n.<\/p>\n<p>\u201cEn la Secretar\u00eda de Educaci\u00f3n y el programa de Escuelas de Tiempo Completo tenemos compromiso fuerte con la mejora continua, y de esto pueden dar muestra nuestros directores, docentes, supervisores, que son parte de este programa, estamos en un proceso continuo que permita fortalecer este esquema, por ello hemos incluso digitalizado nuestros procesos e implementado una plataforma que permite la recepci\u00f3n digital de las comprobaciones correspondientes, lo que ha mejorado y agilizado la entrega de recursos, y con esta modificaci\u00f3n se busca continuar con estos cambios\u201d, finaliz\u00f3.<\/p>\n","protected":false},"excerpt":{"rendered":"<p>La Secretar\u00eda de Educaci\u00f3n del Estado de Campeche (SEDUC) precis\u00f3 el horario que deber\u00e1 cubrir la jornada escolar en los planteles educativos que form<\/p>\n","protected":false},"author":1018,"featured_media":0,"comment_status":"open","ping_status":"open","sticky":false,"template":"","format":"standard","meta":{"tdm_status":"","tdm_grid_status":"","footnotes":""},"categories":[27],"tags":[],"_links":{"self":[{"href":"https:\/\/dralvarez.com.mx\/larevista\/wp-json\/wp\/v2\/posts\/69346"}],"collection":[{"href":"https:\/\/dralvarez.com.mx\/larevista\/wp-json\/wp\/v2\/posts"}],"about":[{"href":"https:\/\/dralvarez.com.mx\/larevista\/wp-json\/wp\/v2\/types\/post"}],"author":[{"embeddable":true,"href":"https:\/\/dralvarez.com.mx\/larevista\/wp-json\/wp\/v2\/users\/1018"}],"replies":[{"embeddable":true,"href":"https:\/\/dralvarez.com.mx\/larevista\/wp-json\/wp\/v2\/comments?post=69346"}],"version-history":[{"count":0,"href":"https:\/\/dralvarez.com.mx\/larevista\/wp-json\/wp\/v2\/posts\/69346\/revisions"}],"wp:attachment":[{"href":"https:\/\/dralvarez.com.mx\/larevista\/wp-json\/wp\/v2\/media?parent=69346"}],"wp:term":[{"taxonomy":"category","embeddable":true,"href":"https:\/\/dralvarez.com.mx\/larevista\/wp-json\/wp\/v2\/categories?post=69346"},{"taxonomy":"post_tag","embeddable":true,"href":"https:\/\/dralvarez.com.mx\/larevista\/wp-json\/wp\/v2\/tags?post=69346"}],"curies":[{"name":"wp","href":"https:\/\/api.w.org\/{rel}","templated":true}]}}