{"id":69344,"date":"2018-09-17T00:00:00","date_gmt":"2018-09-17T06:00:00","guid":{"rendered":"https:\/\/dralvarez.com.mx\/larevista\/blog\/reciben-237-alumnos-del-cecytec-becas-de-la-sedesyh-29428"},"modified":"2018-09-17T00:00:00","modified_gmt":"2018-09-17T06:00:00","slug":"reciben-237-alumnos-del-cecytec-becas-de-la-sedesyh-29428","status":"publish","type":"post","link":"https:\/\/dralvarez.com.mx\/larevista\/compeche\/reciben-237-alumnos-del-cecytec-becas-de-la-sedesyh-29428","title":{"rendered":"Reciben 237 alumnos del CECYTEC becas de la SEDESYH"},"content":{"rendered":"<p>Para que m\u00e1s j\u00f3venes contin\u00faen con sus estudios de nivel medio superior y se contribuya al desarrollo personal y profesional de los mismos, 237 alumnos de los siete planteles del Colegio de Estudios Cient\u00edficos y Tecnol\u00f3gicos del Estado de Campeche (CECyTEC), recibieron igual n\u00famero de becas de \u201cServicio Social para Crecer\u201d y \u201cEscuela cerca de Ti\u201d del programa Aprende de la Secretar\u00eda de Desarrollo Social y Humano (SEDESYH).<\/p>\n<p>En evento realizado en las instalaciones de dicha dependencia, fueron entregadas por el encargado de Despacho de la SEDESYH, Luis Jorge Medina Minet, quien les reiter\u00f3 a los alumnos que en la Administraci\u00f3n del Gobernador Alejandro Moreno C\u00e1rdenas se tiene firme compromiso de apoyar a los j\u00f3venes que son el motor del presente y futuro del Estado.<\/p>\n<p>En la entrega, la directora general del CECyTEC, Cindy Rossina Saravia L\u00f3pez destac\u00f3 que se realizan permanentemente gestiones de vinculaci\u00f3n para el beneficio de los estudiantes del Colegio y se est\u00e1 a favor de seguir promoviendo a los alumnos que sean merecedores de este tipo de becas. <\/p>\n<p>Resalt\u00f3 la importancia de que puedan contar con este tipo de apoyos, al tiempo que mencion\u00f3 que se trabaja fuertemente para seguir impulsando con determinaci\u00f3n la educaci\u00f3n para transformar el destino de los cientos de j\u00f3venes que se est\u00e1n preparando para sumarse al progreso de Campeche.<\/p>\n","protected":false},"excerpt":{"rendered":"<p>En evento realizado en las instalaciones de dicha dependencia, fueron entregadas por el encargado de Despacho de la SEDESYH&#8230;<\/p>\n","protected":false},"author":1018,"featured_media":0,"comment_status":"open","ping_status":"open","sticky":false,"template":"","format":"standard","meta":{"tdm_status":"","tdm_grid_status":"","footnotes":""},"categories":[27],"tags":[],"_links":{"self":[{"href":"https:\/\/dralvarez.com.mx\/larevista\/wp-json\/wp\/v2\/posts\/69344"}],"collection":[{"href":"https:\/\/dralvarez.com.mx\/larevista\/wp-json\/wp\/v2\/posts"}],"about":[{"href":"https:\/\/dralvarez.com.mx\/larevista\/wp-json\/wp\/v2\/types\/post"}],"author":[{"embeddable":true,"href":"https:\/\/dralvarez.com.mx\/larevista\/wp-json\/wp\/v2\/users\/1018"}],"replies":[{"embeddable":true,"href":"https:\/\/dralvarez.com.mx\/larevista\/wp-json\/wp\/v2\/comments?post=69344"}],"version-history":[{"count":0,"href":"https:\/\/dralvarez.com.mx\/larevista\/wp-json\/wp\/v2\/posts\/69344\/revisions"}],"wp:attachment":[{"href":"https:\/\/dralvarez.com.mx\/larevista\/wp-json\/wp\/v2\/media?parent=69344"}],"wp:term":[{"taxonomy":"category","embeddable":true,"href":"https:\/\/dralvarez.com.mx\/larevista\/wp-json\/wp\/v2\/categories?post=69344"},{"taxonomy":"post_tag","embeddable":true,"href":"https:\/\/dralvarez.com.mx\/larevista\/wp-json\/wp\/v2\/tags?post=69344"}],"curies":[{"name":"wp","href":"https:\/\/api.w.org\/{rel}","templated":true}]}}