{"id":69342,"date":"2018-09-17T00:00:00","date_gmt":"2018-09-17T06:00:00","guid":{"rendered":"https:\/\/dralvarez.com.mx\/larevista\/blog\/gobernador-amc-pide-seguir-trabajando-juntos-para-mejorar-servicios-de-salud-en-el-pais-29425"},"modified":"2018-09-17T00:00:00","modified_gmt":"2018-09-17T06:00:00","slug":"gobernador-amc-pide-seguir-trabajando-juntos-para-mejorar-servicios-de-salud-en-el-pais-29425","status":"publish","type":"post","link":"https:\/\/dralvarez.com.mx\/larevista\/compeche\/gobernador-amc-pide-seguir-trabajando-juntos-para-mejorar-servicios-de-salud-en-el-pais-29425","title":{"rendered":"Gobernador AMC pide seguir trabajando juntos para mejorar servicios de salud en el pa\u00eds"},"content":{"rendered":"<p>En la ceremonia inaugural de la XXI Reuni\u00f3n Ordinaria del Consejo Nacional de Salud que re\u00fane en esta ciudad a unas 100 autoridades federales y estatales del sector de todo el pa\u00eds, el gobernador Alejandro Moreno C\u00e1rdenas se pronunci\u00f3 porque los tres \u00f3rdenes de gobierno trabajen en equipo para brindar servicios de calidad hasta en el \u00faltimo rinc\u00f3n de M\u00e9xico. <\/p>\n<p>\u201cLa salud es la base fundamental del bienestar y de la buena calidad de vida de las personas\u201d, se\u00f1al\u00f3 ante el secretario de Salud federal, Jos\u00e9 Narro Robles y el director general del Instituto de Seguridad y Servicios Sociales de los Trabajadores del Estado (Issste), Florentino Castro L\u00f3pez.<\/p>\n<p>El titular del Ejecutivo estatal reconoci\u00f3 que, si bien hay grandes desaf\u00edos en el sector, pues la sociedad demanda m\u00e1s servicios y de calidad, M\u00e9xico ha avanzado en la materia pese a lo apretado de los presupuestos.<\/p>\n<p>\u201cPodemos enfrentar cualquier acontecimiento social y pol\u00edtico, pero imag\u00ednense ustedes un d\u00eda sin hospitales, sin m\u00e9dicos, sin enfermeras\u201d, ponder\u00f3 el mandatario al subrayar que lo m\u00e1s importante es concederle el m\u00e1s alto valor a la responsabilidad que tiene el rubro.<\/p>\n<p> Dijo que los trabajadores de la salud merecen todo el reconocimiento a su labor, pero tambi\u00e9n el respaldo de los tres \u00f3rdenes de gobierno para brindar una mejor atenci\u00f3n en las entidades federativas.<\/p>\n<p>Moreno C\u00e1rdenas pidi\u00f3 a las autoridades seguir trabajando juntos y en equipo, con firme convicci\u00f3n y voluntad inquebrantable para alcanzar las metas y superar los rezagos.<\/p>\n<p>Tambi\u00e9n expres\u00f3 su reconocimiento al presidente Enrique Pe\u00f1a Nieto y al secretario de Salud, Narro Robles por el respaldo que le han brindado para fortalecer la infraestructura y mejorar los servicios en el estado. <\/p>\n<p>\u201cHoy el trabajo depende de nosotros, no importan colores ni partidos, lo que importa es trabajar juntos y en equipo para que a M\u00e9xico le vaya bien\u201d, concluy\u00f3.<\/p>\n<p>Antes, el secretario de Salud federal, Jos\u00e9 Narro Robles, destac\u00f3 que en la reuni\u00f3n adem\u00e1s de tomar compromisos para trabajar en la misma direcci\u00f3n, se valorar\u00e1 lo que en las instituciones se ha conseguido y avanzado; se reconocer\u00e1n los pendientes, desaf\u00edos y rezagos que existen, reivindicando el compromiso con la salud y con el humanismo que gu\u00eda a las profesiones en la materia.<\/p>\n<p>Resalt\u00f3 que una sociedad necesita de mejores niveles de salud, por lo que es fundamental que los trabajadores del sector y los representantes de las instituciones de salud p\u00fablica, est\u00e9n siempre comprometidos y orgullosos de sus aportaciones, pues todo la infraestructura y avance que hoy se tiene en el pa\u00eds, es gracias al trabajo de varias generaciones.<\/p>\n<p>\u201cLa salud para una persona y una sociedad es un elemento fundamental, con ella todo se simplifica y sin ella, todo se dificulta\u201d, manifest\u00f3 el funcionario federal.<\/p>\n<p>Antes, el secretario de Salud del estado, Rafael Rodr\u00edguez Cabrera, resalt\u00f3 que los avances en materia de salud en Campeche y en M\u00e9xico han sido significativos en los \u00faltimos a\u00f1os gracias al trabajo de todos los que pertenecen al sector.<\/p>\n<p>En las sesiones de trabajo que concluir\u00e1n el d\u00eda de ma\u00f1ana, se dar\u00e1n a conocer las acciones relevantes llevadas a cabo por la Secretar\u00eda de Salud de 2013\u20132018 y se revisar\u00e1 el cumplimiento del programa de mejora del trato a los usuarios de servicios que se puso en marcha en las unidades m\u00e9dicas del pa\u00eds.<\/p>\n<p>De igual forma, se evaluar\u00e1n las acciones relevantes en salud llevadas a cabo por Pemex, Sedena, Issste, Semar y el Sistema Nacional DIF, as\u00ed como los aportes recientes que M\u00e9xico ha hecho a nivel internacional, entre otras acciones.<\/p>\n<p>En la ceremonia inaugural tambi\u00e9n estuvieron presentes, el subsecretario de Integraci\u00f3n y Desarrollo del Sector Salud, Jos\u00e9 Meljem Moctezuma; el subsecretario de Prevenci\u00f3n y Promoci\u00f3n de la Salud, Pablo Kuri Morales; el director general de sanidad militar de la Sedena, Jos\u00e9 Luis Ojeda Delgado; el secretario t\u00e9cnico del Consejo Nacional de Salud, Isidro \u00c1vila Mart\u00ednez; el subdirector de Servicios de Salud de Pemex, Marco Antonio Navarrete Prida, y la  titular del Poder Legislativo Local, Laura Baqueiro Ramos.<\/p>\n","protected":false},"excerpt":{"rendered":"<p>Inaugura la XXI Reuni\u00f3n Ordinaria del Consejo Nacional de Salud<\/p>\n","protected":false},"author":1018,"featured_media":0,"comment_status":"open","ping_status":"open","sticky":false,"template":"","format":"standard","meta":{"tdm_status":"","tdm_grid_status":"","footnotes":""},"categories":[27],"tags":[],"_links":{"self":[{"href":"https:\/\/dralvarez.com.mx\/larevista\/wp-json\/wp\/v2\/posts\/69342"}],"collection":[{"href":"https:\/\/dralvarez.com.mx\/larevista\/wp-json\/wp\/v2\/posts"}],"about":[{"href":"https:\/\/dralvarez.com.mx\/larevista\/wp-json\/wp\/v2\/types\/post"}],"author":[{"embeddable":true,"href":"https:\/\/dralvarez.com.mx\/larevista\/wp-json\/wp\/v2\/users\/1018"}],"replies":[{"embeddable":true,"href":"https:\/\/dralvarez.com.mx\/larevista\/wp-json\/wp\/v2\/comments?post=69342"}],"version-history":[{"count":0,"href":"https:\/\/dralvarez.com.mx\/larevista\/wp-json\/wp\/v2\/posts\/69342\/revisions"}],"wp:attachment":[{"href":"https:\/\/dralvarez.com.mx\/larevista\/wp-json\/wp\/v2\/media?parent=69342"}],"wp:term":[{"taxonomy":"category","embeddable":true,"href":"https:\/\/dralvarez.com.mx\/larevista\/wp-json\/wp\/v2\/categories?post=69342"},{"taxonomy":"post_tag","embeddable":true,"href":"https:\/\/dralvarez.com.mx\/larevista\/wp-json\/wp\/v2\/tags?post=69342"}],"curies":[{"name":"wp","href":"https:\/\/api.w.org\/{rel}","templated":true}]}}