{"id":69315,"date":"2018-09-14T00:00:00","date_gmt":"2018-09-14T06:00:00","guid":{"rendered":"https:\/\/dralvarez.com.mx\/larevista\/blog\/la-ocde-y-la-amsde-implementaran-el-programa-para-el-desarrollo-economico-local-y-el-empleo-en-los-municipios-de-la-ruta-del-tren-maya-29397"},"modified":"2018-09-14T00:00:00","modified_gmt":"2018-09-14T06:00:00","slug":"la-ocde-y-la-amsde-implementaran-el-programa-para-el-desarrollo-economico-local-y-el-empleo-en-los-municipios-de-la-ruta-del-tren-maya-29397","status":"publish","type":"post","link":"https:\/\/dralvarez.com.mx\/larevista\/compeche\/la-ocde-y-la-amsde-implementaran-el-programa-para-el-desarrollo-economico-local-y-el-empleo-en-los-municipios-de-la-ruta-del-tren-maya-29397","title":{"rendered":"La OCDE y la AMSDE implementar\u00e1n el programa Para el desarrollo econ\u00f3mico local y el empleo En los municipios de la ruta del tren maya&#8230;"},"content":{"rendered":"<p>El secretario de Desarrollo Econ\u00f3mico del Estado de Campeche y presidente de la Asociaci\u00f3n Mexicana de Secretarios de Desarrollo Econ\u00f3mico (AMSDE), Jos\u00e9 Domingo Berzunza Esp\u00ednola, se reuni\u00f3 con personal de la Organizaci\u00f3n para la Cooperaci\u00f3n y el Desarrollo Econ\u00f3mico (OCDE), para la inclusi\u00f3n de los estados del Sur-Sureste en el Programa para el Desarrollo Econ\u00f3mico Local y el Empleo (LEED), por sus siglas en ingl\u00e9s.<\/p>\n<p>Berzunza Esp\u00ednola detall\u00f3 que el programa contempla la asistencia t\u00e9cnica y la adopci\u00f3n de mejores pr\u00e1cticas en cinco rubros: Habilidades para el Empleo, Emprendimiento, Econom\u00eda Social, Cultura Laboral y Desarrollo de Capacidades Empresariales.<\/p>\n<p>Se alcanz\u00f3 un acuerdo en principio, para que los municipios que integran las \u00e1reas de influencia de las Zonas Econ\u00f3micas Especiales (ZEE) sean incluidos en este proyecto como parte del Programa de Desarrollo del \u00c1rea de Influencia de la ZEE, coment\u00f3.<\/p>\n<p>Asimismo, se hizo el planteamiento para que el programa pueda ser implementado en los municipios que integrar\u00e1n la ruta del Tren Maya. Tambi\u00e9n se abord\u00f3 la ejecuci\u00f3n del Programa de Reactivaci\u00f3n Econ\u00f3mica y Desarrollo Productivo de los Estados de Campeche y Tabasco, el cual fue de inter\u00e9s por parte del organismo internacional.<\/p>\n<p>Ser\u00eda la primera vez que el Estado de Campeche trabajara una agenda conjunta con el organismo internacional, remarc\u00f3. <\/p>\n<p>En la reuni\u00f3n, por parte de la OCDE, estuvieron presentes la jefa la Divisi\u00f3n de Di\u00e1logos Territoriales y Migraci\u00f3n, Desarrollo Regional y Turismo, Claire Charbit, y el oficial del Centro de Emprendimiento, micro y peque\u00f1a empresa, regiones y ciudades, Andr\u00e9s Sanabria.<\/p>\n","protected":false},"excerpt":{"rendered":"<p>Ser\u00eda la primera vez que el Estado de Campeche trabajara una agenda conjunta con el organismo internacional&#8230;<\/p>\n","protected":false},"author":1018,"featured_media":0,"comment_status":"open","ping_status":"open","sticky":false,"template":"","format":"standard","meta":{"tdm_status":"","tdm_grid_status":"","footnotes":""},"categories":[27],"tags":[],"_links":{"self":[{"href":"https:\/\/dralvarez.com.mx\/larevista\/wp-json\/wp\/v2\/posts\/69315"}],"collection":[{"href":"https:\/\/dralvarez.com.mx\/larevista\/wp-json\/wp\/v2\/posts"}],"about":[{"href":"https:\/\/dralvarez.com.mx\/larevista\/wp-json\/wp\/v2\/types\/post"}],"author":[{"embeddable":true,"href":"https:\/\/dralvarez.com.mx\/larevista\/wp-json\/wp\/v2\/users\/1018"}],"replies":[{"embeddable":true,"href":"https:\/\/dralvarez.com.mx\/larevista\/wp-json\/wp\/v2\/comments?post=69315"}],"version-history":[{"count":0,"href":"https:\/\/dralvarez.com.mx\/larevista\/wp-json\/wp\/v2\/posts\/69315\/revisions"}],"wp:attachment":[{"href":"https:\/\/dralvarez.com.mx\/larevista\/wp-json\/wp\/v2\/media?parent=69315"}],"wp:term":[{"taxonomy":"category","embeddable":true,"href":"https:\/\/dralvarez.com.mx\/larevista\/wp-json\/wp\/v2\/categories?post=69315"},{"taxonomy":"post_tag","embeddable":true,"href":"https:\/\/dralvarez.com.mx\/larevista\/wp-json\/wp\/v2\/tags?post=69315"}],"curies":[{"name":"wp","href":"https:\/\/api.w.org\/{rel}","templated":true}]}}