{"id":69312,"date":"2018-09-14T00:00:00","date_gmt":"2018-09-14T06:00:00","guid":{"rendered":"https:\/\/dralvarez.com.mx\/larevista\/blog\/nada-ni-nadie-esta-por-encima-de-mexico-gobernador-amc-29393"},"modified":"2018-09-14T00:00:00","modified_gmt":"2018-09-14T06:00:00","slug":"nada-ni-nadie-esta-por-encima-de-mexico-gobernador-amc-29393","status":"publish","type":"post","link":"https:\/\/dralvarez.com.mx\/larevista\/compeche\/nada-ni-nadie-esta-por-encima-de-mexico-gobernador-amc-29393","title":{"rendered":"Nada ni nadie est\u00e1 por encima de M\u00e9xico: gobernador AMC"},"content":{"rendered":"<p>Al presidir la ceremonia conmemorativa del CLXXI aniversario de la Gesta Heroica de los Ni\u00f1os H\u00e9roes de Chapultepec, el gobernador Alejandro Moreno C\u00e1rdenas afirm\u00f3 que nada ni nadie est\u00e1 por encima de M\u00e9xico, pues es una naci\u00f3n independiente y soberana, construida a lo largo de siglos por mexicanos que dieron su vida por un mejor pa\u00eds.<\/p>\n<p>En presencia del comandante de la 33 Zona Militar, Ricardo Flores Gonz\u00e1lez, el mandatario estatal asever\u00f3 que el mensaje que dejaron los ni\u00f1os h\u00e9roes fue que morir independientes es m\u00e1s digno que vivir sometidos.<\/p>\n<p>Reconoci\u00f3 el compromiso, trabajo y amor a la patria de los integrantes de las Fuerzas Armadas y sostuvo que los secretarios de la Defensa Nacional, Salvador Cienfuegos Zepeda, y de Marina, Vidal Francisco Sober\u00f3n Sanz, con el respaldo de marinos, pilotos y soldados, han sido pilares fundamentales del pa\u00eds y sabido proteger a la naci\u00f3n. <\/p>\n<p>Ante alumnos de la Escuela Secundaria T\u00e9cnica # 1 y del Centro de Atenci\u00f3n M\u00faltiple # 2, reunidos en las instalaciones del D\u00e9cimo Batall\u00f3n de Infanter\u00eda, el jefe del Ejecutivo enfatiz\u00f3 que en este mes patrio el ejemplo de los ni\u00f1os h\u00e9roes sobresale como la m\u00e1s pura manifestaci\u00f3n de un profundo amor por M\u00e9xico.<\/p>\n<p>\u201cEn el presente, esa entrega a la naci\u00f3n los mexicanos la podemos hacer en todos los \u00e1mbitos de la vida cotidiana: en el estudio, en el trabajo, en la iniciativa privada, en el sector p\u00fablico, en las actividades productivas, en la industria, en el comercio, en pr\u00e1cticamente todo lo que hagamos, en cada labor honramos a los Ni\u00f1os H\u00e9roes de Chapultepec si lo hacemos con dedicaci\u00f3n, concentraci\u00f3n y pasi\u00f3n por M\u00e9xico\u201d, manifest\u00f3.<\/p>\n<p>Antes de montar guardia de honor en memoria de los Ni\u00f1os H\u00e9roes de Chapultepec y dar lectura a la lista de honor de los cadetes, remarc\u00f3 que su compromiso es seguir impulsando la transformaci\u00f3n de Campeche para que toda la poblaci\u00f3n tenga mejores oportunidades de superaci\u00f3n.<\/p>\n<p>\u201cHoy valoramos la historia para construir un mejor presente y un mejor futuro; lecciones como la de los Ni\u00f1os H\u00e9roes nos ense\u00f1an a amar profundamente a nuestro pa\u00eds\u201d, cit\u00f3 al precisar que M\u00e9xico tiene mucha historia, pero tiene m\u00e1s futuro con las nuevas generaciones si se trabaja en equipo y con enorme responsabilidad, sensatez y profundo amor por el pa\u00eds.<\/p>\n<p>Previo, el capit\u00e1n Aar\u00f3n Santiago Garrido, se\u00f1al\u00f3 que la Gesta Heroica es la m\u00e1s sagrada demostraci\u00f3n de amor a la patria y gracias a ello, las fuerzas armadas se perpet\u00faan en el deber de salvaguardarla, conservarla \u00edntegra y engrandecerla para que sea el mejor legado a las futuras generaciones.<\/p>\n<p>\u201cLa Gesta Heroica de 1847 nos obliga a refrendar el compromiso individual e institucional para continuar trabajando con perseverancia, entrega y teniendo como marco el gran ejemplo de los cadetes, asumiendo a la vez los retos comunes del M\u00e9xico que hoy nos toca construir\u201d, manifest\u00f3.<\/p>\n<p>En el evento donde se efectu\u00f3 una salva de honor a los Ni\u00f1os H\u00e9roes y el toque militar de silencio, se declam\u00f3 la poes\u00eda \u201cFanfarria a los H\u00e9roes\u201d, se entonaron el Himno Nacional y del Heroico Colegio Militar y se rindieron honores a la bandera.<\/p>\n<p>Estuvieron presentes, el jefe del Estado Mayor de la Tercera Regi\u00f3n Naval, Eliseo Alberto Caballero Rosas; la presidenta de la Junta de Gobierno y Administraci\u00f3n del Congreso del Estado, Laura Baqueiro Ramos; el fiscal General del Estado, Juan Manuel Herrera Campos; el secretario de Educaci\u00f3n, Ricardo Medina Farf\u00e1n; el alcalde de Campeche, Edgar Hern\u00e1ndez Hern\u00e1ndez, y en representaci\u00f3n de la Secretar\u00eda General de Gobierno, Herb\u00e9 S\u00e1nchez Espadas.<\/p>\n<p><\/p>\n","protected":false},"excerpt":{"rendered":"<p>El mandatario estatal asever\u00f3 que el mensaje que dejaron los ni\u00f1os h\u00e9roes fue que morir independientes es m\u00e1s digno que vivir sometidos&#8230;<\/p>\n","protected":false},"author":1018,"featured_media":0,"comment_status":"open","ping_status":"open","sticky":false,"template":"","format":"standard","meta":{"tdm_status":"","tdm_grid_status":"","footnotes":""},"categories":[27],"tags":[],"_links":{"self":[{"href":"https:\/\/dralvarez.com.mx\/larevista\/wp-json\/wp\/v2\/posts\/69312"}],"collection":[{"href":"https:\/\/dralvarez.com.mx\/larevista\/wp-json\/wp\/v2\/posts"}],"about":[{"href":"https:\/\/dralvarez.com.mx\/larevista\/wp-json\/wp\/v2\/types\/post"}],"author":[{"embeddable":true,"href":"https:\/\/dralvarez.com.mx\/larevista\/wp-json\/wp\/v2\/users\/1018"}],"replies":[{"embeddable":true,"href":"https:\/\/dralvarez.com.mx\/larevista\/wp-json\/wp\/v2\/comments?post=69312"}],"version-history":[{"count":0,"href":"https:\/\/dralvarez.com.mx\/larevista\/wp-json\/wp\/v2\/posts\/69312\/revisions"}],"wp:attachment":[{"href":"https:\/\/dralvarez.com.mx\/larevista\/wp-json\/wp\/v2\/media?parent=69312"}],"wp:term":[{"taxonomy":"category","embeddable":true,"href":"https:\/\/dralvarez.com.mx\/larevista\/wp-json\/wp\/v2\/categories?post=69312"},{"taxonomy":"post_tag","embeddable":true,"href":"https:\/\/dralvarez.com.mx\/larevista\/wp-json\/wp\/v2\/tags?post=69312"}],"curies":[{"name":"wp","href":"https:\/\/api.w.org\/{rel}","templated":true}]}}