{"id":69311,"date":"2018-09-14T00:00:00","date_gmt":"2018-09-14T06:00:00","guid":{"rendered":"https:\/\/dralvarez.com.mx\/larevista\/blog\/el-gobernador-alejandro-moreno-cardenas-encabezo-la-guardia-de-honor-y-ofrenda-floral-por-el-cvi-aniversario-luctuoso-de-don-justo-sierra-mendez-29392"},"modified":"2018-09-14T00:00:00","modified_gmt":"2018-09-14T06:00:00","slug":"el-gobernador-alejandro-moreno-cardenas-encabezo-la-guardia-de-honor-y-ofrenda-floral-por-el-cvi-aniversario-luctuoso-de-don-justo-sierra-mendez-29392","status":"publish","type":"post","link":"https:\/\/dralvarez.com.mx\/larevista\/compeche\/el-gobernador-alejandro-moreno-cardenas-encabezo-la-guardia-de-honor-y-ofrenda-floral-por-el-cvi-aniversario-luctuoso-de-don-justo-sierra-mendez-29392","title":{"rendered":"El gobernador Alejandro Moreno C\u00e1rdenas, encabez\u00f3 la guardia de honor y ofrenda floral por el CVI aniversario luctuoso de Don Justo Sierra M\u00e9ndez."},"content":{"rendered":"<\/p>\n<p>Al pie del<br \/>\nmonumento erigido al Maestro de Am\u00e9rica, el gobernador Alejandro Moreno<br \/>\nC\u00e1rdenas, acompa\u00f1ado de autoridades civiles y militares, encabez\u00f3 la guardia de<br \/>\nhonor y ofrenda floral por el CVI aniversario luctuoso de Don Justo Sierra<br \/>\nM\u00e9ndez&#8230;<\/p>\n<p>&nbsp;<\/p>\n<p><\/p>\n","protected":false},"excerpt":{"rendered":"<p>Al pie del monumento erigido al Maestro de Am\u00e9rica&#8230;<\/p>\n","protected":false},"author":1018,"featured_media":0,"comment_status":"open","ping_status":"open","sticky":false,"template":"","format":"standard","meta":{"tdm_status":"","tdm_grid_status":"","footnotes":""},"categories":[27],"tags":[],"_links":{"self":[{"href":"https:\/\/dralvarez.com.mx\/larevista\/wp-json\/wp\/v2\/posts\/69311"}],"collection":[{"href":"https:\/\/dralvarez.com.mx\/larevista\/wp-json\/wp\/v2\/posts"}],"about":[{"href":"https:\/\/dralvarez.com.mx\/larevista\/wp-json\/wp\/v2\/types\/post"}],"author":[{"embeddable":true,"href":"https:\/\/dralvarez.com.mx\/larevista\/wp-json\/wp\/v2\/users\/1018"}],"replies":[{"embeddable":true,"href":"https:\/\/dralvarez.com.mx\/larevista\/wp-json\/wp\/v2\/comments?post=69311"}],"version-history":[{"count":0,"href":"https:\/\/dralvarez.com.mx\/larevista\/wp-json\/wp\/v2\/posts\/69311\/revisions"}],"wp:attachment":[{"href":"https:\/\/dralvarez.com.mx\/larevista\/wp-json\/wp\/v2\/media?parent=69311"}],"wp:term":[{"taxonomy":"category","embeddable":true,"href":"https:\/\/dralvarez.com.mx\/larevista\/wp-json\/wp\/v2\/categories?post=69311"},{"taxonomy":"post_tag","embeddable":true,"href":"https:\/\/dralvarez.com.mx\/larevista\/wp-json\/wp\/v2\/tags?post=69311"}],"curies":[{"name":"wp","href":"https:\/\/api.w.org\/{rel}","templated":true}]}}