{"id":69304,"date":"2018-09-14T00:00:00","date_gmt":"2018-09-14T06:00:00","guid":{"rendered":"https:\/\/dralvarez.com.mx\/larevista\/blog\/palabras-del-gobernador-del-estado-alejandro-moreno-cardenas-29385"},"modified":"2018-09-14T00:00:00","modified_gmt":"2018-09-14T06:00:00","slug":"palabras-del-gobernador-del-estado-alejandro-moreno-cardenas-29385","status":"publish","type":"post","link":"https:\/\/dralvarez.com.mx\/larevista\/compeche\/palabras-del-gobernador-del-estado-alejandro-moreno-cardenas-29385","title":{"rendered":"Palabras del gobernador del estado, Alejandro Moreno C\u00e1rdenas&#8230;"},"content":{"rendered":"<p>General de Brigada Diplomado de Estado Mayor, Ricardo Flores Gonz\u00e1lez, comandante de la Trig\u00e9sima Tercera Zona Militar. Vicealmirante Eliseo Alberto Ad\u00e1n Caballero Rosas, Jefe del Estado Mayor de la Tercer Regi\u00f3n Naval. Titulares de los Poderes Legislativo y Judicial. Presidente Municipal de Campeche. Distinguidos integrantes del pres\u00eddium, ni\u00f1as, ni\u00f1os, j\u00f3venes que hoy nos acompa\u00f1an. Servidores p\u00fablicos, medios de comunicaci\u00f3n. Se\u00f1oras y se\u00f1ores.<\/p>\n<p>Antes de iniciar esta intervenci\u00f3n, quiero decirles que me siento muy orgulloso de ser parte de este d\u00eda, de este momento y aprovecho para, desde aqu\u00ed, reconocer el enorme compromiso, el trabajo, el orgullo y el amor a la patria de los integrantes de nuestras Fuerzas Armadas. Aprovecho para saludar a dos grandes mexicanos, al General Salvador Cienfuegos Zepeda, Secretario de la Defensa Nacional; y al Almirante Vidal Francisco Sober\u00f3n Sanz, Secretario de Marina.<\/p>\n<p>En ellos, M\u00e9xico tiene dos pilares fundamentales, tiene dos mexicanos comprometidos y dos hombres que han sabido, con el apoyo y el respaldo de marinos, pilotos y soldados, cuidar y proteger a nuestra naci\u00f3n. Por ello, si en alg\u00fan homenaje c\u00edvico est\u00e1 el cargado, la fuerza y el vigor de nuestra m\u00e1s amplia amistad, compromiso y amor por nuestro pa\u00eds, es en este d\u00eda.<\/p>\n<p>Todo ese valor c\u00edvico, todo ese patriotismo de los homenajeados es precisamente el honor de reconocer a nuestros Ni\u00f1os H\u00e9roes de Chapultepec. Nadie como ellos son ejemplo de hero\u00edsmo. \u00bfDe qu\u00e9 tama\u00f1o es su grandeza hist\u00f3rica que nuestro propio Himno Nacional parece, con claridad, referirse a ellos cuando pide, para ellos, un recuerdo de gloria y cuando ofrece un sepulcro, para ellos, de honor?<\/p>\n<p>En esta ma\u00f1ana, recordamos el CLXXI Aniversario de la Gesta Heroica de los Ni\u00f1os H\u00e9roes de Chapultepec. Para entender y sentir el hero\u00edsmo, basta ver en el Castillo de Chapultepec, en el techo de una de las escalinatas de ese gran recinto hist\u00f3rico, el mural del pintor Gabriel Flores alusivo al acto heroico del joven cadete Juan Escutia durante el bombardeo estadounidense en 1847. El mural ilustra al Ni\u00f1o H\u00e9roe cayendo de lo alto del Castillo envuelto en nuestra Bandera Nacional. La lectura es clara, morir independiente es m\u00e1s digo que vivir sometido.<\/p>\n<p>As\u00ed, esa constelaci\u00f3n de Ni\u00f1os H\u00e9roes nos dio ejemplo, el ejemplo m\u00e1s grande de honor, ofrendando sus j\u00f3venes vidas a favor del pueblo de M\u00e9xico. Nada ni nadie por encima de M\u00e9xico, pues esta es una naci\u00f3n independiente y soberana. En este mes patrio, el ejemplo de los Ni\u00f1os H\u00e9roes sobresale como la m\u00e1s pura  manifestaci\u00f3n de un profundo amor por M\u00e9xico.<\/p>\n<p>En el presente, esa entrega a la naci\u00f3n, los mexicanos la podemos hacer en todos los \u00e1mbitos de la vida cotidiana: En el estudio, en el trabajo, en la iniciativa privada, en el sector p\u00fablico, en las actividades productivas, en la industria, en el comercio, en pr\u00e1cticamente todo lo que hagamos. En cada labor, honramos a los Ni\u00f1os H\u00e9roes de Chapultepec si lo hacemos con dedicaci\u00f3n, con concentraci\u00f3n y con pasi\u00f3n por M\u00e9xico.<\/p>\n<p>H\u00e9roe es el ni\u00f1o que se esfuerza por obtener las mejores calificaciones todos los d\u00edas y amar a sus padres y respetarlos. H\u00e9roe es el atleta paral\u00edmpico que gana una medalla. H\u00e9roe es el joven que opta siempre por el camino del bien. H\u00e9roe es el hombre que tiene conciencia moral. Y hero\u00edna es la mujer que en un escenario adverso, siempre sale adelante.<\/p>\n<p>Todos ellos son h\u00e9roes de carne y hueso que vemos todos los d\u00edas, en todos los recorridos por todos los rincones de Campeche y de nuestro pa\u00eds. Los mexicanos, mujeres y hombres, debemos sentirnos profundamente orgullosos de lo que han construido a lo largo de siglos y de d\u00e9cadas, mexicanas y mexicanos que dieron su vida por nuestro pa\u00eds.<br \/>Por ello, vamos a seguir impulsando la transformaci\u00f3n de Campeche para que todos los campechanos tengan m\u00e1s y mejores oportunidades de superaci\u00f3n. Campeche es grande porque su gente es fuerte, comprometida, decidida y con una gran voluntad para cuidar, para proteger, a las familias campechanas.<\/p>\n<p>Hoy valoramos la historia para construir un mejor presente y un mejor futuro, que lecciones como la de los Ni\u00f1os H\u00e9roes nos ense\u00f1en a amar profundamente a nuestro pa\u00eds, como lo hacen todos y cada uno de los integrantes de las Fuerzas Armadas. Pues sabemos que en cada soldado, en cada marino y en cada piloto hay un mexicano dispuesto a dar su vida por nuestro pa\u00eds y por nuestro pueblo.<\/p>\n<p>Como siempre digo, M\u00e9xico tiene mucha historia pero tiene m\u00e1s futuro, tiene mucha historia con los Ni\u00f1os H\u00e9roes pero tiene m\u00e1s futuro con las nuevas generaciones que tienen todo si trabajamos juntos, con una enorme responsabilidad, con sensatez y con un profundo amor por nuestro pa\u00eds, para construir el mejor M\u00e9xico de todos los tiempos. Muchas gracias.<\/p>\n<\/p>\n<p><b>Entrevista al gobernador del estado, Alejandro Moreno<br \/>\nc\u00e1rdenas, al t\u00e9rmino d<\/b><b>e la ceremonia c\u00edvica conmemorativa del clxxi<br \/>\naniversario&nbsp;<\/b><b>de la gesta<br \/>\nheroica de  los ni\u00f1os h\u00e9roes de Chapultepec<\/b><\/p>\n<p><b><\/b>Pregunta.- Los resultados de la reuni\u00f3n con el director de Comercio Exterior\u2026<\/p>\n<p>Gobernador Alejandro Moreno C\u00e1rdenas.- Bueno, estuvimos trabajando fuerte, vamos a fortalecer todo el trabajo tur\u00edstico y los pendientes que se tienen para impulsar no s\u00f3lo la integralidad de los proyectos m\u00e1s importantes de desarrollo que tenemos en el Estado\u2026 El compromiso muy importante en los sectores tur\u00edsticos hoy es en la inversi\u00f3n, en el ramo hotelero. Ustedes saben que, con esta nueva etapa que est\u00e1 viviendo M\u00e9xico, con un boom tur\u00edstico muy importante a nivel nacional y a nivel internacional, coloca hoy a M\u00e9xico entre los 10 primeros pa\u00edses en fortaleza tur\u00edstica. Y estamos de la mano, trabajando juntos para que haya infraestructura, para que haya mejores servicios a los turistas nacionales e internacionales que nos visitan.<\/p>\n<p>Y esta integralidad que estaremos impulsando con el Tren Maya, con una mayor conectividad, con el tema de los Cruceros que se est\u00e1 impulsando decididamente desde el inicio de mi gobierno y hoy, con la fortaleza de tener en la Pen\u00ednsula, en el sur sureste del pa\u00eds, la presencia de m\u00e1s de 18 millones de turistas, nos permite tener una fortaleza importante en el sector tur\u00edstico, en el ramo comercial, en el ramo industrial, y fortalecer de la mano el sector energ\u00e9tico que ha sido una base s\u00f3lida del Estado de Campeche. Y, bueno, seguir trabajando e impulsando los programas de inversi\u00f3n y de infraestructura que llevamos de la mano con el Gobierno de la Rep\u00fablica, con la administraci\u00f3n que est\u00e1 por concluir, que encabeza el presidente Enrique Pe\u00f1a Nieto; y con la nueva administraci\u00f3n que habr\u00e1 de encabezar el Presidente electo, el licenciado Andr\u00e9s Manuel L\u00f3pez Obrador.<\/p>\n<p>Pregunta.- \u00bfYa se tiene alg\u00fan monto de inversi\u00f3n?<\/p>\n<p>Gobernador Alejandro Moreno C\u00e1rdenas.- S\u00ed, hay un tema importante y lo quiero dejar muy claro, es un proyecto en el cual todos estamos participando porque es una oportunidad muy importante para el sur sureste; y es muy importante no s\u00f3lo en el tema de integraci\u00f3n, es importante en el tema de comercio, en el tema industrial\u2026 Ustedes saben, la fortaleza de las Zonas Econ\u00f3micas Especiales en el Estado de Campeche. Y, bueno, en el Tren Maya, que es una inversi\u00f3n muy importante que generar\u00e1 miles de empleos y donde tenemos una inversi\u00f3n entre 120 y 150 mil millones de pesos en los pr\u00f3ximos a\u00f1os, tendremos la ruta que obviamente pasa por el Estado de Campeche por lo que estaremos trabajando para que llegue tambi\u00e9n a la integralidad con nuestras Zonas Econ\u00f3micas Especiales.<\/p>\n<p>Ustedes saben, se ha hecho una presentaci\u00f3n importante en d\u00edas pasados; y, bueno, estamos trabajando coordinadamente ya con el grupo de trabajo que son los encargados del proyecto del Tren Maya. Y en las pr\u00f3ximas semanas tendremos reuniones, los invitaremos a todos y cada uno de ustedes, habr\u00e1 informaci\u00f3n puntual y estamos trabajando para que este proyecto se concrete. Es un proyecto de todos, es un proyecto s\u00ed del Gobierno de la Rep\u00fablica, pero es un proyecto que vemos muy bien todos los Estados del sur sureste porque nos va a generar oportunidades a todas y cada una de nuestras regiones. Queremos que este proyecto se inicie, es el compromiso que se ha hecho con la nueva administraci\u00f3n, a partir del 1 de diciembre, que inicien las licitaciones\u2026 Hoy estamos en la etapa ya de fortalecer con estudios, con impactos, con estar en esa cercan\u00eda con el sector social, que es muy importante.<\/p>\n<p>Y, bueno, creo que le dar\u00e1 un mejor dinamismo al sur sureste que ha sido la regi\u00f3n, hay que decirlo como es, la regi\u00f3n que ha recibido menos respaldo en los \u00faltimos a\u00f1os, en las \u00faltimas d\u00e9cadas por parte de los gobiernos de la Rep\u00fablica y hoy, lo que se quiere es seguir fortaleciendo al sur sureste, con su riqueza cultural, natural, art\u00edstica, maderable, en recursos naturales\u2026 Entonces, estamos muy echados para adelante con ese proyecto.<\/p>\n<p>Pregunta.- Hablando de Zonas Econ\u00f3micas Especiales, \u00bfno afectar\u00eda esto el hecho de que anunci\u00f3 el Presidente est\u00edmulos al norte, cuestiones fiscales preferenciales, incrementos salariales? \u00bfNo desestimular\u00eda esto de alguna u otra manera? Hoy un analista hace referencia todo esto\u2026 \u00bfQu\u00e9 opini\u00f3n le merece?<\/p>\n<p>Gobernador Alejandro Moreno C\u00e1rdenas.- Bueno, mi opini\u00f3n es que tenemos una relaci\u00f3n directa, cercana, de respeto, de cordialidad, de colaboraci\u00f3n y de trabajo en equipo con el nuevo Gobierno de la Rep\u00fablica\u2026 Tuvimos una reuni\u00f3n, como bien ustedes saben y le dieron puntual cobertura, el fin de semana pasado con el presidente electo, con Andr\u00e9s Manuel L\u00f3pez Obrador, y hay un compromiso fundamental de impulsar el sur sureste del pa\u00eds. Creo que hay que fortalecer, como se est\u00e1 haciendo, las Zonas Econ\u00f3micas Especiales; hay est\u00edmulos en esa regi\u00f3n del pa\u00eds; nosotros nos estamos preparando para tener propuestas claras y concretas. Y en el tema de las Zonas Econ\u00f3micas Especiales, en el caso de Campeche, tenemos Seybaplaya, en el municipio de Champot\u00f3n, que impacta a esa zona, al Puerto de Seybaplaya; tenemos la Zona Econ\u00f3mica Especial en Carmen, que se est\u00e1 trabajando coordinadamente para impulso del sector energ\u00e9tico y de exportaci\u00f3n.<\/p>\n<p>Pero ustedes saben que la Zona Econ\u00f3mica Especial, los primeros 10 a\u00f1os deja el exento el impuesto, al 100%, del ISR, est\u00edmulos locales, municipales, y debemos de complementarnos para darles viabilidad. Lo que s\u00ed, es el respaldo y el compromiso total para impulsar las Zonas Econ\u00f3micas Especiales y nosotros ir presentando, de la mano tambi\u00e9n, proyectos y programas importantes para dar el est\u00edmulo a la inversi\u00f3n. Ha quedado claro el compromiso, y lo digo abiertamente, como es, el Presidente electo es un hombre del sureste, es un hombre que conoce bien el pa\u00eds pero que conoce muy bien la regi\u00f3n; sabe que los rezagos en inversi\u00f3n, en infraestructura, est\u00e1n en el sur sureste. Y yo veo un Presidente electo comprometido con el sur sureste, comprometido con nuestros Estados, comprometido con programas y proyectos.<\/p>\n<p>Y lo que hemos participado es que ning\u00fan apoyo, ning\u00fan programa que impulse el nuevo Gobierno de la Rep\u00fablica que habr\u00e1 de encabezar el licenciado Andr\u00e9s Manuel L\u00f3pez Obrador, se quede en eso por los tr\u00e1mites burocr\u00e1ticos\u2026 Ya saben que, luego, el obst\u00e1culo m\u00e1s grande para proyectos y para desarrollo es la enorme burocracia que luego ocurre en las entidades, en los tres \u00f3rdenes de gobierno. Y lo que queremos es que \u00e9ste, el Tren Maya, sea un proyecto que se lleve a cabo; y que, desde aqu\u00ed, lo he dicho siempre, creo en el proyecto, creemos en el proyecto porque ayuda al Estado de Campeche y no tengo ni la menor duda que nosotros pondremos toda nuestra parte para que este compromiso del Gobierno de la Rep\u00fablica se cumpla a favor de los campechanos.<\/p>\n<p>Pregunta.- Incluso, ya se ha dialogado con los alcaldes que van a entrar\u2026<\/p>\n<p>Gobernador Alejandro Moreno C\u00e1rdenas.- Les adelanto, hemos tenido reuniones\u2026 Tenemos reuniones de trabajo permanentes, luego haremos reuniones con ustedes para irles dando mayor informaci\u00f3n. En Campeche se ha integrado un grupo de trabajo desde hace varios meses\u2026 Cuando se anunciaba el proyecto del Tren Maya, aqu\u00ed en Campeche nos preparamos. Tenemos planeaci\u00f3n, tenemos m\u00e9todo, nos organizamos con estrategia y los tres \u00f3rdenes de gobierno, funcionarios de los tres \u00f3rdenes de gobierno, incluso las autoridades ya electas de los municipios donde pasa el Tren Maya, hemos estado trabajando y les daremos puntual informaci\u00f3n. Es un trabajo en equipo, es un trabajo coordinado, estamos en mucha comunicaci\u00f3n con el equipo del nuevo Gobierno de la Rep\u00fablica y la final del camino, lo que queremos, como les digo, es que este proyecto se lleve a cabo. El pr\u00f3ximo mes tenemos una reuni\u00f3n importante aqu\u00ed en Campeche\u2026 Todos los gobernadores integrantes del proyecto\u2026 Tendremos la presencia del licenciado Andr\u00e9s Manuel L\u00f3pez Obrador, estamos por confirmar. Y, entonces, como les dije, ya vino r\u00e1pido, aqu\u00ed est\u00e1, tenemos una extraordinaria relaci\u00f3n y a Campeche le va a ir muy bien.<\/p>\n<p>Pregunta.- Hace unos d\u00edas hizo cambios en su gabinete, \u00bfvan a seguir algunos cambios?<\/p>\n<p>Gobernador Alejandro Moreno C\u00e1rdenas.- S\u00ed, yo creo que, como les he venido diciendo, hay tiempos, hay momentos\u2026 Hoy tenemos la etapa de redoblar esfuerzos, yo estoy muy reconocido y muy agradecido con los funcionarios que me han acompa\u00f1ado desde el inicio de mi administraci\u00f3n. As\u00ed es la administraci\u00f3n, as\u00ed es el gobierno, le vamos a dar un impulso importante a no s\u00f3lo la cercan\u00eda, al tema social, a darle resultados a la gente en temas de salud, de educaci\u00f3n, de generaci\u00f3n de empleo. Y hoy, lo haremos con ese compromiso y con esa convicci\u00f3n\u2026 En los pr\u00f3ximos d\u00edas, en las pr\u00f3ximas semanas iremos haciendo movimientos graduales, agradeci\u00e9ndoles a todos los que han acompa\u00f1ado a mi administraci\u00f3n desde el primer d\u00eda y, bueno, siempre ser\u00e1 en beneficio de los campechanos.<\/p>\n<p>Pregunta.- \u00bfD\u00f3nde habr\u00eda qu\u00e9 reforzar?<\/p>\n<p>Gobernador Alejandro Moreno C\u00e1rdenas.- Creo firmemente que siempre hay que reforzar la gesti\u00f3n\u2026 Hoy m\u00e1s que nunca, lo he venido diciendo, nadie hoy, porque lo quiero decir con toda puntualidad, ustedes le dar\u00e1n puntual cobertura como siempre lo han hecho, con responsabilidad, con profesionalismo\u2026 Hoy nadie puede decir que no lo apoyan o que no lo respaldan. Ustedes saben, hay que tener capacidad de gesti\u00f3n\u2026 A m\u00ed me dan los recursos que me tocan como Estado y mi capacidad de gesti\u00f3n est\u00e1 en M\u00e9xico, est\u00e1 en acercarme a los Secretarios, est\u00e1 en ver al nuevo Gobierno de la Rep\u00fablica; ac\u00e1 no hay distingos de colores ni distingos de partidos. Nadie puede decir, porque ahora muchos querr\u00e1n justificar y querr\u00e1n decir que el Gobernador no me apoya, que fulano no me apoya y que por eso no hago las cosas, no, no har\u00e1n las cosas porque son incapaces de hacerlas o porque no pueden gestionar o porque no saben hacer pol\u00edtica o porque no saben ir a gestionar.<\/p>\n<p>Hoy lo m\u00e1s importante es darle resultados a la gente\u2026 Todos los que hicieron compromisos en sus campa\u00f1as, tendr\u00e1n que ir a cumplirle a la gente. Y las esferas de competencia est\u00e1n muy claras, est\u00e1 muy clara cu\u00e1l es la responsabilidad del Gobernador, est\u00e1 muy clara cu\u00e1l es la responsabilidad del Presidente de la Rep\u00fablica y estar\u00e1 muy clara cu\u00e1l es la responsabilidad de los Presidentes Municipales. Entonces, los Presidentes Municipales que se comprometieron en campa\u00f1a tendr\u00e1n que ir a responderle a la gente; y yo lo dir\u00e9 puntualmente y con claridad, a todos los Presidentes Municipales, a todas las Juntas Municipales, les entregaremos los recursos que por ley le corresponden, ni m\u00e1s ni menos.<\/p>\n<p>Lo que marque la ley y la norma, se le entregar\u00e1n los recursos\u2026 Ya depender\u00e1 de ellos si se organizan bien, que sean inteligentes y que no busquen pretextos para no cumplirles a los ciudadanos. Entonces, yo estoy muy contento, por eso les digo, gestionando todos los d\u00edas y con el nuevo Gobierno de la Rep\u00fablica, con el Licenciado Andr\u00e9s Manuel L\u00f3pez Obrador, estamos construyendo una extraordinaria relaci\u00f3n. Es una gente sensible, es una gente que aprecia a Campeche y como les dije, no tengan ni la menor duda, va a venir mucho a Campeche, va a estar aqu\u00ed con nosotros y nos va a apoyar. Y yo voy a gestionar mucho a favor de los campechanos.<\/p>\n<p>Pregunta.- \u00bfQu\u00e9 opini\u00f3n le merece que haya algunos funcionarios electos que no han asumido el cargo y que ya est\u00e1n pensando en ser candidatos a la gubernatura por adelantado, incluso, tres a\u00f1os antes\u2026? Adem\u00e1s, cuando no han asumido su primer compromiso\u2026<br \/>Gobernador Alejandro Moreno C\u00e1rdenas.- Bueno, pues, yo creo que los que van a juzgar\u2026 Mira, yo lo que digo, al final del d\u00eda\u2026 Hay que ser muy cuidadosos, luego son muy sensibles cuando yo declaro algo, algunos, pero se los voy a decir. Creo firmemente que el compromiso est\u00e1 con la gente, ellos deben de entender que una campa\u00f1a pol\u00edtica se gana porque la gente te da su confianza, cree en las propuestas pero hoy, a trav\u00e9s de ustedes, de los medios, de las redes sociales, los ciudadanos van a ver qui\u00e9n cumple y qui\u00e9n no.<\/p>\n<p>Aqu\u00ed hay propuestas claras y puntuales, y tendr\u00e1n que ver los ciudadanos qui\u00e9nes cumplen y qui\u00e9nes no\u2026 Yo, como les dije, ser\u00e9 el m\u00e1s respetuoso, aqu\u00ed todo mundo es libre de expresarse, de participar, falta mucho tiempo pero, al final del d\u00eda, la ciudadan\u00eda nota, anota y vota. Aqu\u00ed estamos trabajando coordinadamente para que a Campeche le vaya muy bien y, bueno, los que habr\u00e1n de decidir ser\u00e1n los ciudadanos, nosotros habremos de trabajar fuerte, de redoblar esfuerzos, de seguir gan\u00e1ndonos la confianza de los ciudadanos y de que, al final del camino, haya mejores oportunidades para los campechanos.<\/p>\n<p>Pregunta.- Sobre el tema del Tren Maya, nada m\u00e1s una duda, se ha tocado el tema en determinado momento, que es un tema que siempre ha estado en la agenda nacional, el tema de la zona lim\u00edtrofe del sur con la seguridad\u2026 Con la intervenci\u00f3n del Tren Maya imagino que tienen alg\u00fan proyecto de seguridad en la zona sur, ya ve que\u2026<\/p>\n<p>Gobernador Alejandro Moreno C\u00e1rdenas.- S\u00ed, nada m\u00e1s que el Tren Maya no pasa en esa zona\u2026 Hay una distancia importante entre donde pasa el tren y la cercan\u00eda con la regi\u00f3n de pa\u00edses vecinos; lo que estamos trabajando es un proyecto importante, tendremos que redoblar la seguridad. Es muy importante el trabajar de la mano con el Gobierno de la Rep\u00fablica porque ustedes saben que es una zona complicada, la zona del sur del Estado, Calakmul, Candelaria, donde estamos asignando elementos de seguridad pero donde el Estado no tiene la capacidad para participar y cuidar solamente de esa franja fronteriza\u2026 Por ello estamos trabajando con el Ej\u00e9rcito, con la Marina, con la Polic\u00eda Federal, con la PGR, con el Instituto Nacional de Migraci\u00f3n para trabajar en coordinaci\u00f3n, en equipo, presentar programas importantes y que el Gobierno de la Rep\u00fablica le destine recursos fundamentales\u2026 Y personal, porque lo m\u00e1s importante es que es una franja muy grande, ustedes saben, es selva, es bosque alto, y lo que necesitamos es estar atentos pero sin lugar a dudas, como lo hemos dicho, la seguridad ser\u00e1 un tema prioritario para el Estado. La pr\u00f3xima semana estar\u00e9 entregando equipo, equipamiento, apoyos para la Secretar\u00eda de Seguridad P\u00fablica, para la Fiscal\u00eda y, bueno, agradecerles a todos su tiempo, el espacio que me dan, su paciencia y que est\u00e9n aqu\u00ed, bajo el sol, todos. Muchas gracias.<\/p>\n<p><\/p>\n","protected":false},"excerpt":{"rendered":"<p>Durante la ceremonia c\u00edvica conmemorativa del CLXXI aniversario de la gesta heroica de  los ni\u00f1os h\u00e9roes de Chapultepec&#8230;<\/p>\n","protected":false},"author":1018,"featured_media":0,"comment_status":"open","ping_status":"open","sticky":false,"template":"","format":"standard","meta":{"tdm_status":"","tdm_grid_status":"","footnotes":""},"categories":[27],"tags":[],"_links":{"self":[{"href":"https:\/\/dralvarez.com.mx\/larevista\/wp-json\/wp\/v2\/posts\/69304"}],"collection":[{"href":"https:\/\/dralvarez.com.mx\/larevista\/wp-json\/wp\/v2\/posts"}],"about":[{"href":"https:\/\/dralvarez.com.mx\/larevista\/wp-json\/wp\/v2\/types\/post"}],"author":[{"embeddable":true,"href":"https:\/\/dralvarez.com.mx\/larevista\/wp-json\/wp\/v2\/users\/1018"}],"replies":[{"embeddable":true,"href":"https:\/\/dralvarez.com.mx\/larevista\/wp-json\/wp\/v2\/comments?post=69304"}],"version-history":[{"count":0,"href":"https:\/\/dralvarez.com.mx\/larevista\/wp-json\/wp\/v2\/posts\/69304\/revisions"}],"wp:attachment":[{"href":"https:\/\/dralvarez.com.mx\/larevista\/wp-json\/wp\/v2\/media?parent=69304"}],"wp:term":[{"taxonomy":"category","embeddable":true,"href":"https:\/\/dralvarez.com.mx\/larevista\/wp-json\/wp\/v2\/categories?post=69304"},{"taxonomy":"post_tag","embeddable":true,"href":"https:\/\/dralvarez.com.mx\/larevista\/wp-json\/wp\/v2\/tags?post=69304"}],"curies":[{"name":"wp","href":"https:\/\/api.w.org\/{rel}","templated":true}]}}