{"id":69302,"date":"2018-09-14T00:00:00","date_gmt":"2018-09-14T06:00:00","guid":{"rendered":"https:\/\/dralvarez.com.mx\/larevista\/blog\/reunion-con-integrantes-de-la-organizacion-internacional-save-the-children-29383"},"modified":"2018-09-14T00:00:00","modified_gmt":"2018-09-14T06:00:00","slug":"reunion-con-integrantes-de-la-organizacion-internacional-save-the-children-29383","status":"publish","type":"post","link":"https:\/\/dralvarez.com.mx\/larevista\/compeche\/reunion-con-integrantes-de-la-organizacion-internacional-save-the-children-29383","title":{"rendered":"Reuni\u00f3n con integrantes de la organizaci\u00f3n internacional save the  children."},"content":{"rendered":"<p>Buscando promover de manera conjunta acciones para la salud y fortalecer la capacidad escolar en la reducci\u00f3n de desastres y fortificar las habilidades socioemocionales de ni\u00f1as y ni\u00f1os del estado, la Presidenta del Patronato del DIF Estatal, Christelle Casta\u00f1\u00f3n de Moreno, encabez\u00f3 una reuni\u00f3n con integrantes de la asociaci\u00f3n Save the Children.<\/p>\n<p>En dicho encuentro, que se realiz\u00f3 en la Mansi\u00f3n Carvajal, Casta\u00f1\u00f3n de Moreno estuvo acompa\u00f1ada por la Directora General del SEDIF, Silvia Elena Parrao Arceo; el Secretario de Salud, (SSA) Rafael Rodr\u00edguez Cabrera y Ricardo Koh Cambranis, Subsecretario de Educaci\u00f3n B\u00e1sica, quienes escucharon la presentaci\u00f3n de estrategias y propuestas de articulaci\u00f3n por parte de Jorge Vidal Arnaud, Director Nacional de Programas Save the Children M\u00e9xico, quien expuso que las acciones pueden efectuarse con respaldo de la Secretar\u00eda de Educaci\u00f3n (SEDUC) y de la Secretar\u00eda de Salud (SSA).<\/p>\n<p>Las autoridades conocieron detalles de  \u201cPor una vida saludable\u201d: que es una estrategia para la promoci\u00f3n de la salud escolar y comunitaria, que tiene el objetivo general de mejorar el estado de salud y nutricional de ni\u00f1os y ni\u00f1as, a trav\u00e9s del desarrollo de h\u00e1bitos de vida saludables y el fortalecimiento de los servicios de salud; e informaron que estas acciones tambi\u00e9n se desarrollan en las poblaciones de Chankom, Yaxcab\u00e1, Chikindzonot, Tekom y Tixcacalcupul en el estado de Yucat\u00e1n; y \u201cJos\u00e9 Ma. Morelos\u201d  en el estado de Quintana Roo y se propone Calakmul en el estado de Campeche.<\/p>\n<p>Otro programa se refiere a la estrategia para \u201cEl Fortalecimiento de la Capacidad Escolar para la Reducci\u00f3n de Riesgos de Desastres\u201d, que busca promover en escuelas ubicadas en Yucat\u00e1n, Campeche, Quintana Roo, Hidalgo y Puebla medidas para que sean m\u00e1s seguras al implementar estrategias de Reducci\u00f3n de Riesgos de Desastres que pueden ser replicadas.<\/p>\n<p>Particularmente, en el municipio de Calakmul se realizar\u00e1 una estrategia para la promoci\u00f3n de la salud, estableciendo acuerdos para la implementaci\u00f3n del proceso de fortalecimiento de la capacidad escolar y la propuesta para reforzar la capacidad docente para el desarrollo de habilidades socioemocionales en el alumnado.<\/p>\n<p>Adem\u00e1s de los ya mencionados, asistieron a esta reuni\u00f3n Georgina Patr\u00f3n Cant\u00f3n, Coordinadora de Oficina Yucat\u00e1n Save The Children; Mariana P\u00e9rez Herrera, L\u00edder de proyecto de salud y nutrici\u00f3n Save The Children; Dorian Mart\u00ednez Vadillo, L\u00edder de reducci\u00f3n de riesgos de desastre; Ruth Ebergenyi V\u00e1zquez, Directora de Asistencia Alimentaria y Desarrollo Comunitario; Sonia Castilla Trevi\u00f1o, Directora de Desarrollo Familiar y Voluntariado; y Mario Pav\u00f3n Carrasco, Director de Planeaci\u00f3n.<\/p>\n","protected":false},"excerpt":{"rendered":"<p>Reuni\u00f3n con integrantes de la organizaci\u00f3n internacional save the  children para la definici\u00f3n de nuevas estrategias de vinculaci\u00f3n hacia un mejor fut<\/p>\n","protected":false},"author":1018,"featured_media":0,"comment_status":"open","ping_status":"open","sticky":false,"template":"","format":"standard","meta":{"tdm_status":"","tdm_grid_status":"","footnotes":""},"categories":[27],"tags":[],"_links":{"self":[{"href":"https:\/\/dralvarez.com.mx\/larevista\/wp-json\/wp\/v2\/posts\/69302"}],"collection":[{"href":"https:\/\/dralvarez.com.mx\/larevista\/wp-json\/wp\/v2\/posts"}],"about":[{"href":"https:\/\/dralvarez.com.mx\/larevista\/wp-json\/wp\/v2\/types\/post"}],"author":[{"embeddable":true,"href":"https:\/\/dralvarez.com.mx\/larevista\/wp-json\/wp\/v2\/users\/1018"}],"replies":[{"embeddable":true,"href":"https:\/\/dralvarez.com.mx\/larevista\/wp-json\/wp\/v2\/comments?post=69302"}],"version-history":[{"count":0,"href":"https:\/\/dralvarez.com.mx\/larevista\/wp-json\/wp\/v2\/posts\/69302\/revisions"}],"wp:attachment":[{"href":"https:\/\/dralvarez.com.mx\/larevista\/wp-json\/wp\/v2\/media?parent=69302"}],"wp:term":[{"taxonomy":"category","embeddable":true,"href":"https:\/\/dralvarez.com.mx\/larevista\/wp-json\/wp\/v2\/categories?post=69302"},{"taxonomy":"post_tag","embeddable":true,"href":"https:\/\/dralvarez.com.mx\/larevista\/wp-json\/wp\/v2\/tags?post=69302"}],"curies":[{"name":"wp","href":"https:\/\/api.w.org\/{rel}","templated":true}]}}