{"id":69301,"date":"2018-09-14T00:00:00","date_gmt":"2018-09-14T06:00:00","guid":{"rendered":"https:\/\/dralvarez.com.mx\/larevista\/blog\/destaca-campeche-por-innovacion-de-sistemas-durante-la-reunion-del-conaedu-29382"},"modified":"2018-09-14T00:00:00","modified_gmt":"2018-09-14T06:00:00","slug":"destaca-campeche-por-innovacion-de-sistemas-durante-la-reunion-del-conaedu-29382","status":"publish","type":"post","link":"https:\/\/dralvarez.com.mx\/larevista\/compeche\/destaca-campeche-por-innovacion-de-sistemas-durante-la-reunion-del-conaedu-29382","title":{"rendered":"Destaca Campeche por innovaci\u00f3n de sistemas durante la reuni\u00f3n del CONAEDU"},"content":{"rendered":"<p>El Estado de Campeche mantiene notable avance en el sector educativo a nivel nacional en materia de innovaci\u00f3n y se consolida como referente, al destacar en la implementaci\u00f3n del sistema de Control de N\u00f3mina Docente, la aplicaci\u00f3n del Sistema de C\u00e9dula y T\u00edtulo Profesional, as\u00ed como en el cumplimiento de las metas en Servicio Profesional Docente, aspectos que fueron reconocidos durante el desarrollo de la Cuadrag\u00e9sima Segunda Reuni\u00f3n Nacional Plenaria del Consejo Nacional de Autoridades Educativas (CONAEDU).<\/p>\n<p>En el acto al que asisti\u00f3 el secretario de Educaci\u00f3n de Campeche, Ricardo Medina Farf\u00e1n, y que fue encabezado por el titular de la Secretar\u00eda de Educaci\u00f3n P\u00fablica Federal (SEP), Otto Granados Rold\u00e1n, se reiter\u00f3 el inter\u00e9s de la entidad por fortalecer este importante sector, ya que adem\u00e1s de estos logros, tambi\u00e9n se tuvo cumplimiento de metas en la aplicaci\u00f3n del Servicio Profesional Docente y se convirti\u00f3 en uno de los 10 estados del pa\u00eds, que ya modific\u00f3 las reglas para el ingreso como personal docente a las Escuelas Normales.<\/p>\n<p>A decir del titular de la SEP, Campeche da muestras de lo que se debe hacer para fortalecer el ramo educativo, y se mantiene como claro ejemplo en el pa\u00eds de que las pol\u00edticas educativas bien encaminadas, pueden mejorar las condiciones de la sociedad.<\/p>\n<p>A\u00f1adi\u00f3 que la entidad tuvo excelente desarrollo de los requerimientos que actualmente se necesitan para facilitar procesos como el sistema de C\u00e9dula y T\u00edtulo Profesional, que vendr\u00e1 a transformar los tr\u00e1mites de egreso de los estudiantes de nivel superior al digitalizarlo, reduciendo as\u00ed los entramados burocr\u00e1ticos<\/p>\n<p>Durante esta sesi\u00f3n adem\u00e1s se atendieron temas de vital importancia como los avances acciones y experiencias registradas durante el proceso para la implementaci\u00f3n de los aprendizajes clave en el ciclo escolar 2018-2019; la presentaci\u00f3n de la gu\u00eda para elaborar el Programa Escolar de Protecci\u00f3n Civil; y los avances en la Campa\u00f1a Nacional de Alfabetizaci\u00f3n 2018.<\/p>\n","protected":false},"excerpt":{"rendered":"<p>El Estado de Campeche mantiene notable avance en el sector educativo a nivel nacional en materia de innovaci\u00f3n &#8230;<\/p>\n","protected":false},"author":1018,"featured_media":0,"comment_status":"open","ping_status":"open","sticky":false,"template":"","format":"standard","meta":{"tdm_status":"","tdm_grid_status":"","footnotes":""},"categories":[27],"tags":[],"_links":{"self":[{"href":"https:\/\/dralvarez.com.mx\/larevista\/wp-json\/wp\/v2\/posts\/69301"}],"collection":[{"href":"https:\/\/dralvarez.com.mx\/larevista\/wp-json\/wp\/v2\/posts"}],"about":[{"href":"https:\/\/dralvarez.com.mx\/larevista\/wp-json\/wp\/v2\/types\/post"}],"author":[{"embeddable":true,"href":"https:\/\/dralvarez.com.mx\/larevista\/wp-json\/wp\/v2\/users\/1018"}],"replies":[{"embeddable":true,"href":"https:\/\/dralvarez.com.mx\/larevista\/wp-json\/wp\/v2\/comments?post=69301"}],"version-history":[{"count":0,"href":"https:\/\/dralvarez.com.mx\/larevista\/wp-json\/wp\/v2\/posts\/69301\/revisions"}],"wp:attachment":[{"href":"https:\/\/dralvarez.com.mx\/larevista\/wp-json\/wp\/v2\/media?parent=69301"}],"wp:term":[{"taxonomy":"category","embeddable":true,"href":"https:\/\/dralvarez.com.mx\/larevista\/wp-json\/wp\/v2\/categories?post=69301"},{"taxonomy":"post_tag","embeddable":true,"href":"https:\/\/dralvarez.com.mx\/larevista\/wp-json\/wp\/v2\/tags?post=69301"}],"curies":[{"name":"wp","href":"https:\/\/api.w.org\/{rel}","templated":true}]}}