{"id":69298,"date":"2018-09-14T00:00:00","date_gmt":"2018-09-14T06:00:00","guid":{"rendered":"https:\/\/dralvarez.com.mx\/larevista\/blog\/aysa-gonzalez-convoca-al-poder-judicial-a-consolidar-los-pilares-de-legalidad-y-justicia-29379"},"modified":"2018-09-14T00:00:00","modified_gmt":"2018-09-14T06:00:00","slug":"aysa-gonzalez-convoca-al-poder-judicial-a-consolidar-los-pilares-de-legalidad-y-justicia-29379","status":"publish","type":"post","link":"https:\/\/dralvarez.com.mx\/larevista\/compeche\/aysa-gonzalez-convoca-al-poder-judicial-a-consolidar-los-pilares-de-legalidad-y-justicia-29379","title":{"rendered":"Aysa Gonz\u00e1lez convoca al poder judicial a consolidar los pilares de legalidad y justicia&#8230;"},"content":{"rendered":"<p>Tras hacer un llamado al Poder Judicial a seguir trabajando con honestidad y vocaci\u00f3n de servicio para consolidar los pilares de la legalidad y justicia en el estado, el secretario general de Gobierno, Carlos Miguel Aysa Gonz\u00e1lez reafirm\u00f3 que ley y firmeza seguir\u00e1 siendo el binomio perfecto para hacer prevalecer el orden y la tranquilidad social.<\/p>\n<p>\u201cEl orden jur\u00eddico y social nos conviene a todos porque son las bases que dan certeza al logro de las aspiraciones para el desarrollo pol\u00edtico, econ\u00f3mico y social\u201d, enfatiz\u00f3 el funcionario al asistir en representaci\u00f3n del gobernador Alejandro Moreno C\u00e1rdenas, al informe anual de labores del Poder Judicial del Estado que rindi\u00f3 del magistrado presidente Miguel \u00c1ngel Chuc L\u00f3pez.<\/p>\n<p>Ante la presencia tambi\u00e9n de la titular del Poder Legislativo, Laura Baqueiro Ramos, el secretario general de Gobierno destac\u00f3 que la correcta impartici\u00f3n de justicia fortalece al derecho como el mejor camino para el entendimiento colectivo.<br \/>En la sesi\u00f3n solemne, donde recibi\u00f3 una copia del informe correspondiente al ejercicio judicial 2017-2018, Aysa Gonz\u00e1lez reconoci\u00f3 que con un Poder Judicial moderno y fortalecido se brinda justicia pronta y expedita a los campechanos.<\/p>\n<p>En el auditorio &#8220;Manuel Crescencio Garc\u00eda Rej\u00f3n y Alcal\u00e1&#8221; de la Casa de Justicia, se\u00f1al\u00f3 que el gobierno se ha pronunciado con total firmeza por procesos justos, pero tambi\u00e9n, respaldando las determinaciones de los jueces, ha promovido la firmeza para castigar los actos violatorios de la ley.<\/p>\n<p>Aysa Gonz\u00e1lez extern\u00f3 su reconocimiento a los servidores p\u00fablicos de este poder por el trabajo realizado con profesionalismo, conocimiento del derecho, sentido de justicia y vocaci\u00f3n de servicio a los campechanos.<\/p>\n<p>Destac\u00f3 la gran aportaci\u00f3n que la comunidad judicial ha hecho a la sociedad campechana, por lo que, agreg\u00f3  que es necesario que siga brindando su capacidad, honestidad, valent\u00eda y \u00f3ptica objetiva con la plena convicci\u00f3n de que al afianzar los pilares de la legalidad y de la justicia se construye una mejor realidad para Campeche.<\/p>\n<p>\u201cEl Estado de Derecho no es una simple expresi\u00f3n, sino toda una estructura jur\u00eddica institucional que tiene el deber de ser garante del imperio de la ley\u201d, mencion\u00f3.<\/p>\n<p>Antes, el magistrado presidente dio a conocer las actividades realizadas en este per\u00edodo, destacando la creaci\u00f3n e instalaci\u00f3n del Consejo de la Judicatura Local, as\u00ed como el cumplimiento total de las l\u00edneas de acci\u00f3n del Programa Nacional de la Unidad de Derechos Humanos e Igualdad de G\u00e9nero 2016-2018 de la Comisi\u00f3n Nacional de Tribunales Superiores de Justicia de los Estados Unidos Mexicanos, que ubican al organismo jurisdiccional local en los primeros lugares a nivel nacional.&nbsp;<\/p>\n<p>Resalt\u00f3 tambi\u00e9n la inauguraci\u00f3n del edificio de salas de juicio oral penal en el municipio de Campeche, la sala de audiencia especializada en oralidad mercantil en el Segundo Distrito Judicial, la nueva sede de la oficial\u00eda de partes com\u00fan y la ejecuci\u00f3n de la tercera etapa del edificio de salas de juicio oral penal de Ciudad del Carmen.<\/p>\n<p>De igual forma, destac\u00f3 el desarrollo de las etapas complementarias de los edificios de salas de juicio oral ubicados en los municipios de Champot\u00f3n y Hecelchak\u00e1n, entre otras acciones.<\/p>\n<p>En la ceremonia estuvieron presentes, el fiscal general del Estado, Juan Manuel Herrera Campos; el alcalde Edgar Hern\u00e1ndez Hern\u00e1ndez, jueces y magistrados, as\u00ed como la esposa del secretario General de Gobierno, Victoria Damas de Aysa.<\/p>\n","protected":false},"excerpt":{"rendered":"<p>Aysa Gonz\u00e1lez reconoci\u00f3 que con un Poder Judicial moderno y fortalecido se brinda justicia pronta y expedita a los campechanos&#8230;<\/p>\n","protected":false},"author":1018,"featured_media":0,"comment_status":"open","ping_status":"open","sticky":false,"template":"","format":"standard","meta":{"tdm_status":"","tdm_grid_status":"","footnotes":""},"categories":[27],"tags":[],"_links":{"self":[{"href":"https:\/\/dralvarez.com.mx\/larevista\/wp-json\/wp\/v2\/posts\/69298"}],"collection":[{"href":"https:\/\/dralvarez.com.mx\/larevista\/wp-json\/wp\/v2\/posts"}],"about":[{"href":"https:\/\/dralvarez.com.mx\/larevista\/wp-json\/wp\/v2\/types\/post"}],"author":[{"embeddable":true,"href":"https:\/\/dralvarez.com.mx\/larevista\/wp-json\/wp\/v2\/users\/1018"}],"replies":[{"embeddable":true,"href":"https:\/\/dralvarez.com.mx\/larevista\/wp-json\/wp\/v2\/comments?post=69298"}],"version-history":[{"count":0,"href":"https:\/\/dralvarez.com.mx\/larevista\/wp-json\/wp\/v2\/posts\/69298\/revisions"}],"wp:attachment":[{"href":"https:\/\/dralvarez.com.mx\/larevista\/wp-json\/wp\/v2\/media?parent=69298"}],"wp:term":[{"taxonomy":"category","embeddable":true,"href":"https:\/\/dralvarez.com.mx\/larevista\/wp-json\/wp\/v2\/categories?post=69298"},{"taxonomy":"post_tag","embeddable":true,"href":"https:\/\/dralvarez.com.mx\/larevista\/wp-json\/wp\/v2\/tags?post=69298"}],"curies":[{"name":"wp","href":"https:\/\/api.w.org\/{rel}","templated":true}]}}