{"id":69288,"date":"2018-09-13T00:00:00","date_gmt":"2018-09-13T06:00:00","guid":{"rendered":"https:\/\/dralvarez.com.mx\/larevista\/blog\/gobernador-demanda-atender-necesidades-de-vivienda-de-cada-region-del-pais-29367"},"modified":"2018-09-13T00:00:00","modified_gmt":"2018-09-13T06:00:00","slug":"gobernador-demanda-atender-necesidades-de-vivienda-de-cada-region-del-pais-29367","status":"publish","type":"post","link":"https:\/\/dralvarez.com.mx\/larevista\/compeche\/gobernador-demanda-atender-necesidades-de-vivienda-de-cada-region-del-pais-29367","title":{"rendered":"Gobernador demanda atender necesidades de vivienda de cada regi\u00f3n del pa\u00eds"},"content":{"rendered":"<\/p>\n<p><b>Especial<br \/>\n\/ La Revista<\/b><\/p>\n<p>Al inaugurar la XXXIII Reuni\u00f3n Nacional<br \/>\ndel Consejo Nacional de Organismos Estatales de Vivienda (Conorevi), el<br \/>\ngobernador Alejandro Moreno C\u00e1rdenas convoc\u00f3 a trabajar en equipo y mantener<br \/>\nuna relaci\u00f3n cercana y respetuosa con la pr\u00f3xima administraci\u00f3n federal que<br \/>\npermita fortalecer al sector de la vivienda en el pa\u00eds y atender con claridad<br \/>\nlas necesidades que en la materia demanda cada regi\u00f3n de M\u00e9xico.<\/p>\n<p>En el evento, donde autoridades nacionales<br \/>\nreconocieron los logros que ha tenido la entidad en el rubro de la vivienda,<br \/>\nMoreno C\u00e1rdenas puntualiz\u00f3 que hay que tener claro qu\u00e9 se necesita hacer en<br \/>\ncada una de las regiones del pa\u00eds para atender con un programa serio,<br \/>\ntransparente y de cara a la sociedad, temas importantes como la vivienda,<br \/>\nseguridad, educaci\u00f3n, salud, donde la poblaci\u00f3n demanda resultados r\u00e1pidamente.<\/p>\n<p>\u201cA la p\u00e1gina del proceso electoral hay que<br \/>\ndarle la vuelta; hoy estamos comprometidos con el pr\u00f3ximo gobierno del<br \/>\npresidente electo Andr\u00e9s Manuel L\u00f3pez Obrador en construir una relaci\u00f3n de<br \/>\nrespeto, cercana y de trabajo, por lo que los proyectos de inversi\u00f3n que<br \/>\ngeneren empleo y oportunidades para la gente ser\u00e1n respaldados en Campeche\u201d,<br \/>\ncit\u00f3 en presencia del director general de la Comisi\u00f3n Nacional de Vivienda<br \/>\n(Conavi), Jorge Wolpert Kuri y de quienes han sido presentados como<br \/>\nresponsables del pr\u00f3ximo gobierno federal en el tema habitacional. <\/p>\n<p>Tambi\u00e9n, ante directores de los organismos<br \/>\nestatales de vivienda de todo el pa\u00eds, funcionarios de los tres \u00f3rdenes de<br \/>\ngobierno, empresarios, representantes de colegios y estudiantes, el mandatario<br \/>\nestatal subray\u00f3 que desde el inicio de su administraci\u00f3n se puso en marcha en<br \/>\nla entidad un programa de vivienda con estrategia, dirigida a la poblaci\u00f3n m\u00e1s<br \/>\nvulnerable y as\u00ed contribuir a mejorar la calidad de vida de las familias que<br \/>\nmenos recursos tienen.<\/p>\n<p>Indic\u00f3 que con el gobierno del presidente<br \/>\nEnrique Pe\u00f1a Nieto ha mantenido una relaci\u00f3n cercana de trabajo y fortalecido<br \/>\nla capacidad de gesti\u00f3n para traer mayores recursos al estado, con el<br \/>\ncompromiso de que estos sean aplicados de manera transparente y eficaz y<br \/>\navanzar en la construcci\u00f3n de m\u00e1s infraestructura, generar mayores<br \/>\noportunidades al sector empresarial y crear empleos.<\/p>\n<p>Subray\u00f3 que, en la gesti\u00f3n de recursos, no<br \/>\nsolo es importante trabajar de la mano con las autoridades federales, sino<br \/>\npresentar programas estrat\u00e9gicos que vayan acompa\u00f1ados de estudios y<br \/>\nexpedientes t\u00e9cnicos que avalen su viabilidad.<\/p>\n<p>\u201cAqu\u00ed trabajamos juntos y en equipo, aqu\u00ed<br \/>\nno hay colores partidistas, aqu\u00ed hay compromisos y tareas asignadas, para que<br \/>\npodamos darle respuestas y soluciones al pueblo campechano\u201d, remarc\u00f3.<\/p>\n<p>Por su parte, Wolpert Kuri hizo un<br \/>\nreconocimiento al gobernador Moreno C\u00e1rdenas por su voluntad de respaldar la<br \/>\ncreaci\u00f3n de pol\u00edticas p\u00fablicas en materia de vivienda y darle la importancia<br \/>\nque tiene como eje social y econ\u00f3mico en el desarrollo de las comunidades.<\/p>\n<p>Asever\u00f3 que la vivienda debe mantenerse<br \/>\ncomo pol\u00edtica en el centro de la atenci\u00f3n de cualquier gobernante, ya que<br \/>\ncuando entra una nueva administraci\u00f3n surgen expectativas de la sociedad de<br \/>\ncambiar las cosas. \u201cEs importante reconocer lo que se ha hecho para no repetir<br \/>\nni encontrar caminos que se han recorrido, sino buscar cu\u00e1les semillas se han<br \/>\nsembrado para poder avanzar\u201d, coment\u00f3.<\/p>\n<p>Dijo que a diferencia de a\u00f1os atr\u00e1s, hoy<br \/>\nla pol\u00edtica de la vivienda social en el pa\u00eds tiene un claro v\u00ednculo con la<br \/>\npol\u00edtica territorial, lo cual ha sido un acierto, por lo que consider\u00f3 que<br \/>\nseguramente el pr\u00f3ximo gobierno la continuar\u00e1 y mejorar\u00e1 porque finalmente las<br \/>\npol\u00edticas p\u00fablicas son herramientas din\u00e1micas.<\/p>\n<p>Precis\u00f3 que independientemente del<br \/>\nesfuerzo importante que se realiza para quienes est\u00e1n afiliados al infonavit,<br \/>\nen los \u00faltimos dos a\u00f1os hubo un cambio significativo para atender a la<br \/>\npoblaci\u00f3n m\u00e1s vulnerable.<\/p>\n<p>Abund\u00f3 que antes de 2016 se destinaba<br \/>\naproximadamente el nueve por ciento del presupuesto a los subsidios para<br \/>\natender a los no afiliados al Infonavit; en 2017 se decidi\u00f3 incrementarlo al 20<br \/>\npor ciento y este a\u00f1o los recursos se triplicaron, llegando a un porcentaje por<br \/>\narriba del 33 por ciento. <\/p>\n<p>\u201cEstamos hablando de bases s\u00f3lidas que se<br \/>\ndeben mantener para apoyar a la poblaci\u00f3n de menores ingresos, que se podr\u00e1n<br \/>\ncomplementar y mejorar, teniendo una visi\u00f3n territorial de la aplicaci\u00f3n de los<br \/>\nincentivos del gobierno para la vivienda social\u201d, manifest\u00f3.<\/p>\n<p>El presidente del Conorevi, Octavio<br \/>\nDomingo Gonz\u00e1lez Padilla, tras resaltar los logros del gobierno que encabeza<br \/>\nAlejandro Moreno C\u00e1rdenas en materia de seguridad, econom\u00eda, salud, educaci\u00f3n y<br \/>\nabatimiento del rezago de los servicios y carencia de vivienda, sostuv\u00f3 que en<br \/>\nla actualidad, 212 localidades de los 11 municipios est\u00e1n siendo atendidas para<br \/>\nsuministrar vivienda a la poblaci\u00f3n de bajos ingresos. <\/p>\n<p>\u201cM\u00e9xico est\u00e1 por iniciar una etapa nueva y<br \/>\ntrascendental en la pol\u00edtica y las acciones que se deben realizar en vivienda.<br \/>\nHay que reconocer lo que se ha logrado y realizado en este gobierno, en<br \/>\ncoordinaci\u00f3n interinstitucional\u201d, concluy\u00f3.<\/p>\n<p>Campeche fue sede de la reuni\u00f3n nacional en<br \/>\nreconocimiento al trabajo realizado por el Gobierno del Estado en materia<br \/>\nhabitacional en los \u00faltimos tres a\u00f1os, y durante su desarrollo se impartir\u00e1n<br \/>\ndiversas conferencias, entre ellas las denominadas \u201cSuperciudades. La<br \/>\ninteligencia del territorio\u201d, a cargo de Alfonso Vergara G\u00f3mez y \u201cNueva Agenda<br \/>\nUrbana\u201d, de Joan Clos, ex director Ejecutivo de ONU-H\u00e1bitat.<\/p>\n<p>*************************************<\/p>\n<\/p>\n<p><b>Reuni\u00f3n con miras a construcci\u00f3n del Tren Maya<\/b><\/p>\n<p>El gobernador Alejandro Moreno C\u00e1rdenas<br \/>\nencabez\u00f3 una reuni\u00f3n de trabajo con autoridades federales, estatales y<br \/>\nmunicipales para definir de manera inmediata las acciones que se emprender\u00e1n<br \/>\ncon la construcci\u00f3n del Tren Maya, en lo concerniente a la ruta que integrar\u00e1<br \/>\nel estado, as\u00ed como para atender en el mes de octubre la visita a Campeche del<br \/>\npresidente electo Andr\u00e9s Manuel L\u00f3pez Obrador. <\/p>\n<p>El mandatario expuso pormenores del<br \/>\nencuentro que ayer sostuvo en Palenque, Chiapas, con sus hom\u00f3logos del sureste<br \/>\ny el pr\u00f3ximo titular del Ejecutivo federal, y del respaldo que ha brindado al<br \/>\nproyecto tur\u00edstico ferroviario por las oportunidades de integraci\u00f3n y de<br \/>\ndesarrollo econ\u00f3mico y social que generar\u00e1 en la regi\u00f3n.<\/p><\/p>\n","protected":false},"excerpt":{"rendered":"<p>Gobierno de Campeche.<\/p>\n","protected":false},"author":1018,"featured_media":0,"comment_status":"open","ping_status":"open","sticky":false,"template":"","format":"standard","meta":{"tdm_status":"","tdm_grid_status":"","footnotes":""},"categories":[27],"tags":[],"_links":{"self":[{"href":"https:\/\/dralvarez.com.mx\/larevista\/wp-json\/wp\/v2\/posts\/69288"}],"collection":[{"href":"https:\/\/dralvarez.com.mx\/larevista\/wp-json\/wp\/v2\/posts"}],"about":[{"href":"https:\/\/dralvarez.com.mx\/larevista\/wp-json\/wp\/v2\/types\/post"}],"author":[{"embeddable":true,"href":"https:\/\/dralvarez.com.mx\/larevista\/wp-json\/wp\/v2\/users\/1018"}],"replies":[{"embeddable":true,"href":"https:\/\/dralvarez.com.mx\/larevista\/wp-json\/wp\/v2\/comments?post=69288"}],"version-history":[{"count":0,"href":"https:\/\/dralvarez.com.mx\/larevista\/wp-json\/wp\/v2\/posts\/69288\/revisions"}],"wp:attachment":[{"href":"https:\/\/dralvarez.com.mx\/larevista\/wp-json\/wp\/v2\/media?parent=69288"}],"wp:term":[{"taxonomy":"category","embeddable":true,"href":"https:\/\/dralvarez.com.mx\/larevista\/wp-json\/wp\/v2\/categories?post=69288"},{"taxonomy":"post_tag","embeddable":true,"href":"https:\/\/dralvarez.com.mx\/larevista\/wp-json\/wp\/v2\/tags?post=69288"}],"curies":[{"name":"wp","href":"https:\/\/api.w.org\/{rel}","templated":true}]}}