{"id":69262,"date":"2018-09-13T00:00:00","date_gmt":"2018-09-13T06:00:00","guid":{"rendered":"https:\/\/dralvarez.com.mx\/larevista\/blog\/capacitan-a-integrantes-de-comites-de-contraloria-social-del-programa-comedores-comunitarios-29337"},"modified":"2018-09-13T00:00:00","modified_gmt":"2018-09-13T06:00:00","slug":"capacitan-a-integrantes-de-comites-de-contraloria-social-del-programa-comedores-comunitarios-29337","status":"publish","type":"post","link":"https:\/\/dralvarez.com.mx\/larevista\/compeche\/capacitan-a-integrantes-de-comites-de-contraloria-social-del-programa-comedores-comunitarios-29337","title":{"rendered":"Capacitan a integrantes de comit\u00e9s de contralor\u00eda Social del programa \u201ccomedores comunitarios\u201d"},"content":{"rendered":"<p>Con el objetivo de fortalecer, consolidar y ampliar los procesos de organizaci\u00f3n y participaci\u00f3n de los beneficiados del Programa Comedores Comunitarios (PCC), personal de la Secretar\u00eda de la Contralor\u00eda (SECONT) llev\u00f3 a cabo la capacitaci\u00f3n a los integrantes del Comit\u00e9 de Contralor\u00eda Social de dicho Programa. Estas capacitaciones son realizadas para que los mecanismos de verificaci\u00f3n y operatividad sean aplicados con eficacia, eficiencia y trasparencia.<\/p>\n","protected":false},"excerpt":{"rendered":"<p>La Secretar\u00eda de la Contralor\u00eda (SECONT) llev\u00f3 a cabo la capacitaci\u00f3n a los integrantes del Comit\u00e9 de Contralor\u00eda Social de dicho Programa&#8230;<\/p>\n","protected":false},"author":1018,"featured_media":0,"comment_status":"open","ping_status":"open","sticky":false,"template":"","format":"standard","meta":{"tdm_status":"","tdm_grid_status":"","footnotes":""},"categories":[27],"tags":[],"_links":{"self":[{"href":"https:\/\/dralvarez.com.mx\/larevista\/wp-json\/wp\/v2\/posts\/69262"}],"collection":[{"href":"https:\/\/dralvarez.com.mx\/larevista\/wp-json\/wp\/v2\/posts"}],"about":[{"href":"https:\/\/dralvarez.com.mx\/larevista\/wp-json\/wp\/v2\/types\/post"}],"author":[{"embeddable":true,"href":"https:\/\/dralvarez.com.mx\/larevista\/wp-json\/wp\/v2\/users\/1018"}],"replies":[{"embeddable":true,"href":"https:\/\/dralvarez.com.mx\/larevista\/wp-json\/wp\/v2\/comments?post=69262"}],"version-history":[{"count":0,"href":"https:\/\/dralvarez.com.mx\/larevista\/wp-json\/wp\/v2\/posts\/69262\/revisions"}],"wp:attachment":[{"href":"https:\/\/dralvarez.com.mx\/larevista\/wp-json\/wp\/v2\/media?parent=69262"}],"wp:term":[{"taxonomy":"category","embeddable":true,"href":"https:\/\/dralvarez.com.mx\/larevista\/wp-json\/wp\/v2\/categories?post=69262"},{"taxonomy":"post_tag","embeddable":true,"href":"https:\/\/dralvarez.com.mx\/larevista\/wp-json\/wp\/v2\/tags?post=69262"}],"curies":[{"name":"wp","href":"https:\/\/api.w.org\/{rel}","templated":true}]}}