{"id":69259,"date":"2018-09-13T00:00:00","date_gmt":"2018-09-13T06:00:00","guid":{"rendered":"https:\/\/dralvarez.com.mx\/larevista\/blog\/administracion-portuaria-integral-de-campeche-29334"},"modified":"2018-09-13T00:00:00","modified_gmt":"2018-09-13T06:00:00","slug":"administracion-portuaria-integral-de-campeche-29334","status":"publish","type":"post","link":"https:\/\/dralvarez.com.mx\/larevista\/compeche\/administracion-portuaria-integral-de-campeche-29334","title":{"rendered":"Administraci\u00f3n portuaria integral de campeche"},"content":{"rendered":"<p>La Administraci\u00f3n Portuaria Integral de Campeche (APICAM), Gerencia Carmen, a trav\u00e9s del programa Puerto y Ciudad, recibi\u00f3 a 21 estudiantes de los mejores promedios de la escuela Helen Keller en el puerto de Isla del Carmen, acompa\u00f1ados de sus padres y maestros, visitaron la infraestructura, operatividad y embarcaciones.<\/p>\n","protected":false},"excerpt":{"rendered":"<p>Acompa\u00f1ados de sus padres y maestros, visitaron la infraestructura, operatividad y embarcaciones&#8230;<\/p>\n","protected":false},"author":1018,"featured_media":0,"comment_status":"open","ping_status":"open","sticky":false,"template":"","format":"standard","meta":{"tdm_status":"","tdm_grid_status":"","footnotes":""},"categories":[27],"tags":[],"_links":{"self":[{"href":"https:\/\/dralvarez.com.mx\/larevista\/wp-json\/wp\/v2\/posts\/69259"}],"collection":[{"href":"https:\/\/dralvarez.com.mx\/larevista\/wp-json\/wp\/v2\/posts"}],"about":[{"href":"https:\/\/dralvarez.com.mx\/larevista\/wp-json\/wp\/v2\/types\/post"}],"author":[{"embeddable":true,"href":"https:\/\/dralvarez.com.mx\/larevista\/wp-json\/wp\/v2\/users\/1018"}],"replies":[{"embeddable":true,"href":"https:\/\/dralvarez.com.mx\/larevista\/wp-json\/wp\/v2\/comments?post=69259"}],"version-history":[{"count":0,"href":"https:\/\/dralvarez.com.mx\/larevista\/wp-json\/wp\/v2\/posts\/69259\/revisions"}],"wp:attachment":[{"href":"https:\/\/dralvarez.com.mx\/larevista\/wp-json\/wp\/v2\/media?parent=69259"}],"wp:term":[{"taxonomy":"category","embeddable":true,"href":"https:\/\/dralvarez.com.mx\/larevista\/wp-json\/wp\/v2\/categories?post=69259"},{"taxonomy":"post_tag","embeddable":true,"href":"https:\/\/dralvarez.com.mx\/larevista\/wp-json\/wp\/v2\/tags?post=69259"}],"curies":[{"name":"wp","href":"https:\/\/api.w.org\/{rel}","templated":true}]}}