{"id":69254,"date":"2018-09-12T00:00:00","date_gmt":"2018-09-12T06:00:00","guid":{"rendered":"https:\/\/dralvarez.com.mx\/larevista\/blog\/secretaria-de-planeacion-29329"},"modified":"2018-09-12T00:00:00","modified_gmt":"2018-09-12T06:00:00","slug":"secretaria-de-planeacion-29329","status":"publish","type":"post","link":"https:\/\/dralvarez.com.mx\/larevista\/compeche\/secretaria-de-planeacion-29329","title":{"rendered":"secretaria de planeaci\u00f3n"},"content":{"rendered":"<p>El titular de la Secretar\u00eda de Planeaci\u00f3n (Seplan), Ram\u00f3n Arredondo Anguiano, y el subsecretario de Evaluaci\u00f3n de esta dependencia estatal, Israel Elizalde Jim\u00e9nez, asistieron al \u201cIV Seminario de Pobreza, Monitoreo y Evaluaci\u00f3n en las Entidades Federativas 2018\u201d, que organiza el Consejo Nacional de Evaluaci\u00f3n de la Pol\u00edtica de Desarrollo Social (Coneval) en la Ciudad de M\u00e9xico para medir y evaluar los indicadores y carencias en los estados de la Rep\u00fablica Mexicana, as\u00ed como establecer estrategias que permitan disminuir y erradicar la pobreza extrema.&nbsp;<\/p>\n<p>Este evento inici\u00f3 con la conferencia magistral \u201cDiagn\u00f3stico de Desarrollo Social en M\u00e9xico\u201d, impartida por Gonzalo Hern\u00e1ndez Licona, Secretario Ejecutivo del Coneval.<\/p>\n","protected":false},"excerpt":{"rendered":"<p>&#8220;IV Seminario de Pobreza, Monitoreo y Evaluaci\u00f3n en las Entidades Federativas 2018\u201d<\/p>\n","protected":false},"author":1018,"featured_media":0,"comment_status":"open","ping_status":"open","sticky":false,"template":"","format":"standard","meta":{"tdm_status":"","tdm_grid_status":"","footnotes":""},"categories":[27],"tags":[],"_links":{"self":[{"href":"https:\/\/dralvarez.com.mx\/larevista\/wp-json\/wp\/v2\/posts\/69254"}],"collection":[{"href":"https:\/\/dralvarez.com.mx\/larevista\/wp-json\/wp\/v2\/posts"}],"about":[{"href":"https:\/\/dralvarez.com.mx\/larevista\/wp-json\/wp\/v2\/types\/post"}],"author":[{"embeddable":true,"href":"https:\/\/dralvarez.com.mx\/larevista\/wp-json\/wp\/v2\/users\/1018"}],"replies":[{"embeddable":true,"href":"https:\/\/dralvarez.com.mx\/larevista\/wp-json\/wp\/v2\/comments?post=69254"}],"version-history":[{"count":0,"href":"https:\/\/dralvarez.com.mx\/larevista\/wp-json\/wp\/v2\/posts\/69254\/revisions"}],"wp:attachment":[{"href":"https:\/\/dralvarez.com.mx\/larevista\/wp-json\/wp\/v2\/media?parent=69254"}],"wp:term":[{"taxonomy":"category","embeddable":true,"href":"https:\/\/dralvarez.com.mx\/larevista\/wp-json\/wp\/v2\/categories?post=69254"},{"taxonomy":"post_tag","embeddable":true,"href":"https:\/\/dralvarez.com.mx\/larevista\/wp-json\/wp\/v2\/tags?post=69254"}],"curies":[{"name":"wp","href":"https:\/\/api.w.org\/{rel}","templated":true}]}}