{"id":69219,"date":"2018-09-12T00:00:00","date_gmt":"2018-09-12T06:00:00","guid":{"rendered":"https:\/\/dralvarez.com.mx\/larevista\/blog\/oswaldo-sierra-villajuana-nuevo-presidente-nacional-del-conorevi-29292"},"modified":"2018-09-12T00:00:00","modified_gmt":"2018-09-12T06:00:00","slug":"oswaldo-sierra-villajuana-nuevo-presidente-nacional-del-conorevi-29292","status":"publish","type":"post","link":"https:\/\/dralvarez.com.mx\/larevista\/compeche\/oswaldo-sierra-villajuana-nuevo-presidente-nacional-del-conorevi-29292","title":{"rendered":"Oswaldo Sierra Villajuana, nuevo presidente nacional del CONOREVI"},"content":{"rendered":"<p>En el marco de la XXXIII Reuni\u00f3n del Consejo Nacional de Organismos Estatales de Vivienda (Conorevi) que se realiz\u00f3 en esta ciudad por espacio de dos d\u00edas, el director general de la Comisi\u00f3n Estatal de Desarrollo de Suelo y Vivienda (Codesvi), Oswaldo Sierra Villajuana, fue electo por unanimidad presidente nacional de este cuerpo colegiado que agrupa a los titulares de Vivienda de las entidades federativas del pa\u00eds.<\/p>\n<p>Como parte de la Asamblea Nacional que se program\u00f3 en estos trabajos, con el inter\u00e9s de ventilar asuntos relacionados con la vida interna del Consejo, se llev\u00f3 a cabo la renovaci\u00f3n y toma de protesta del nuevo comit\u00e9 directivo, en donde -en un ambiente de unidad- Sierra Villajuana fue propuesto para dirigir el organismo en el per\u00edodo 2018-2019. <\/p>\n<p>Luego de rendir protesta, el titular de la Codesvi, remarc\u00f3 la confianza depositada en su persona, pero tambi\u00e9n la distinci\u00f3n que se le hace a Campeche por los buenos resultados obtenidos en materia de vivienda, comprometi\u00e9ndose responder con entusiasmo a las tareas de coordinaci\u00f3n, de gesti\u00f3n y de  representaci\u00f3n de la agrupaci\u00f3n nacional, con el prop\u00f3sito de enfrentar con mayor determinaci\u00f3n los retos que imponen los nuevos tiempos que vive el pa\u00eds.<\/p>\n<p>Mencion\u00f3, que las condiciones est\u00e1n dadas para fungir con un nuevo rol en este concierto nacional y asegurar la misi\u00f3n que tiene el Conorevi de mejorar la calidad de vida de las familias mexicanas. \u201cTengo la m\u00e1s firme convicci\u00f3n de servirles\u201d, signific\u00f3. <\/p>\n<p>En este proceso estatutario, fueron electos junto con el funcionario campechano, el vicepresidente A, Germ\u00e1n Borja Garc\u00eda, de Quer\u00e9taro; el vicepresidente B, Gabino Arturo Barros \u00c1vila, de Aguascalientes; y el vicepresidente C, Alfonso Bejos Paredes, de Hidalgo. Asimismo, Jos\u00e9 Flores Hern\u00e1ndez, de Durango, como secretario t\u00e9cnico.<\/p>\n","protected":false},"excerpt":{"rendered":"<p>Oswaldo Sierra Villajuana, fue electo por unanimidad presidente nacional de este cuerpo colegiado que agrupa a los titulares de Vivienda<\/p>\n","protected":false},"author":1018,"featured_media":0,"comment_status":"open","ping_status":"open","sticky":false,"template":"","format":"standard","meta":{"tdm_status":"","tdm_grid_status":"","footnotes":""},"categories":[27],"tags":[],"_links":{"self":[{"href":"https:\/\/dralvarez.com.mx\/larevista\/wp-json\/wp\/v2\/posts\/69219"}],"collection":[{"href":"https:\/\/dralvarez.com.mx\/larevista\/wp-json\/wp\/v2\/posts"}],"about":[{"href":"https:\/\/dralvarez.com.mx\/larevista\/wp-json\/wp\/v2\/types\/post"}],"author":[{"embeddable":true,"href":"https:\/\/dralvarez.com.mx\/larevista\/wp-json\/wp\/v2\/users\/1018"}],"replies":[{"embeddable":true,"href":"https:\/\/dralvarez.com.mx\/larevista\/wp-json\/wp\/v2\/comments?post=69219"}],"version-history":[{"count":0,"href":"https:\/\/dralvarez.com.mx\/larevista\/wp-json\/wp\/v2\/posts\/69219\/revisions"}],"wp:attachment":[{"href":"https:\/\/dralvarez.com.mx\/larevista\/wp-json\/wp\/v2\/media?parent=69219"}],"wp:term":[{"taxonomy":"category","embeddable":true,"href":"https:\/\/dralvarez.com.mx\/larevista\/wp-json\/wp\/v2\/categories?post=69219"},{"taxonomy":"post_tag","embeddable":true,"href":"https:\/\/dralvarez.com.mx\/larevista\/wp-json\/wp\/v2\/tags?post=69219"}],"curies":[{"name":"wp","href":"https:\/\/api.w.org\/{rel}","templated":true}]}}