{"id":69218,"date":"2018-09-12T00:00:00","date_gmt":"2018-09-12T06:00:00","guid":{"rendered":"https:\/\/dralvarez.com.mx\/larevista\/blog\/sesiona-junta-de-gobierno-del-icatcam-29291"},"modified":"2018-09-12T00:00:00","modified_gmt":"2018-09-12T06:00:00","slug":"sesiona-junta-de-gobierno-del-icatcam-29291","status":"publish","type":"post","link":"https:\/\/dralvarez.com.mx\/larevista\/compeche\/sesiona-junta-de-gobierno-del-icatcam-29291","title":{"rendered":"Sesiona junta de gobierno del ICATCAM"},"content":{"rendered":"<p>Durante la tercera sesi\u00f3n ordinaria de la Junta de Gobierno, del Instituto de Capacitaci\u00f3n para el Trabajo del Estado de Campeche (ICATCAM), el director general Carlos Ortiz Pi\u00f1era present\u00f3 el informe de actividades del periodo abril-junio, donde destac\u00f3 el fortalecimiento de los cursos para la profesionalizaci\u00f3n de los campos laborales y un incremento del 6.5 por ciento en matr\u00edcula escolar en los 11 centros educativos y la Coordinaci\u00f3n de Ingl\u00e9s, con respecto al trimestre anterior.<\/p>\n<p>Ante los integrantes de la Junta de Gobierno, Carlos Figueroa Balam, en representaci\u00f3n del Secretario de Educaci\u00f3n, Ricardo Medina Farf\u00e1n, y de Jos\u00e9 Isaac Mart\u00ednez V\u00e1zquez, Subdelegado de la SEP, destac\u00f3 que en el trimestre correspondiente se cont\u00f3 con siete mil 994 alumnos de nuevo ingreso, de los cuales concluyeron su capacitaci\u00f3n siete mil 164, lo que representa un 90 por ciento de eficiencia terminal.<\/p>\n<p>Ortiz Pi\u00f1era enfatiz\u00f3 que se trabaja en la innovaci\u00f3n y actualizaci\u00f3n de los cursos de capacitaci\u00f3n que se brindan, para ofertar nuevos campos de formaci\u00f3n laboral que sean acordes a las necesidades de desarrollo productivo, empresarial y econ\u00f3mico que requiere nuestro Estado.<\/p>\n<p>As\u00ed mismo el Director General, manifest\u00f3 que el ICATCAM siempre se ha caracterizado por ser una instituci\u00f3n inclusiva al brindar capacitaci\u00f3n a personas con discapacidad, y que actualmente se atienden a 357 en sus planteles y acciones m\u00f3viles; de igual forma a trav\u00e9s de la Entidad de Evaluaci\u00f3n y Certificaci\u00f3n se proporcionaron 138 capacitaciones en diversos est\u00e1ndares de competencia laboral, 57 cursos, y se aplicaron 115 evaluaciones y emitieron 122 certificaciones.<\/p>\n<p>Se reforzaron los lazos de vinculaci\u00f3n con instituciones en el Estado y la regi\u00f3n, como son los convenios de colaboraci\u00f3n firmados con la Universidad Interamericana para el Desarrollo (UNID) y con los institutos hom\u00f3logos de Yucat\u00e1n y Quintana Roo, todo ello para impulsar la formaci\u00f3n laboral, como factor para lograr el desarrollo social y econ\u00f3mico de cada regi\u00f3n.<\/p>\n<p>Estuvieron presentes en la tercera sesi\u00f3n ordinaria, David Chac\u00f3n Gonz\u00e1lez, Director de Coordinaci\u00f3n y Gesti\u00f3n Presupuestal para ODES; Jorge Calder\u00f3n V\u00e1zquez, Comisario P\u00fablico; Mar\u00eda Cristina Ojeda Macossay y Julio C\u00e9sar Carpizo Acu\u00f1a, integrantes de la Junta de Gobierno.<\/p>\n","protected":false},"excerpt":{"rendered":"<p>Ortiz Pi\u00f1era enfatiz\u00f3 que se trabaja en la innovaci\u00f3n y actualizaci\u00f3n de los cursos de capacitaci\u00f3n que se brindan&#8230;<\/p>\n","protected":false},"author":1018,"featured_media":0,"comment_status":"open","ping_status":"open","sticky":false,"template":"","format":"standard","meta":{"tdm_status":"","tdm_grid_status":"","footnotes":""},"categories":[27],"tags":[],"_links":{"self":[{"href":"https:\/\/dralvarez.com.mx\/larevista\/wp-json\/wp\/v2\/posts\/69218"}],"collection":[{"href":"https:\/\/dralvarez.com.mx\/larevista\/wp-json\/wp\/v2\/posts"}],"about":[{"href":"https:\/\/dralvarez.com.mx\/larevista\/wp-json\/wp\/v2\/types\/post"}],"author":[{"embeddable":true,"href":"https:\/\/dralvarez.com.mx\/larevista\/wp-json\/wp\/v2\/users\/1018"}],"replies":[{"embeddable":true,"href":"https:\/\/dralvarez.com.mx\/larevista\/wp-json\/wp\/v2\/comments?post=69218"}],"version-history":[{"count":0,"href":"https:\/\/dralvarez.com.mx\/larevista\/wp-json\/wp\/v2\/posts\/69218\/revisions"}],"wp:attachment":[{"href":"https:\/\/dralvarez.com.mx\/larevista\/wp-json\/wp\/v2\/media?parent=69218"}],"wp:term":[{"taxonomy":"category","embeddable":true,"href":"https:\/\/dralvarez.com.mx\/larevista\/wp-json\/wp\/v2\/categories?post=69218"},{"taxonomy":"post_tag","embeddable":true,"href":"https:\/\/dralvarez.com.mx\/larevista\/wp-json\/wp\/v2\/tags?post=69218"}],"curies":[{"name":"wp","href":"https:\/\/api.w.org\/{rel}","templated":true}]}}