{"id":69208,"date":"2018-09-11T00:00:00","date_gmt":"2018-09-11T06:00:00","guid":{"rendered":"https:\/\/dralvarez.com.mx\/larevista\/blog\/empresas-campechanas-en-mesa-de-negocios-con-grupo-energetico-del-sureste-29281"},"modified":"2018-09-11T00:00:00","modified_gmt":"2018-09-11T06:00:00","slug":"empresas-campechanas-en-mesa-de-negocios-con-grupo-energetico-del-sureste-29281","status":"publish","type":"post","link":"https:\/\/dralvarez.com.mx\/larevista\/compeche\/empresas-campechanas-en-mesa-de-negocios-con-grupo-energetico-del-sureste-29281","title":{"rendered":"Empresas campechanas en mesa de negocios con grupo energ\u00e9tico del sureste"},"content":{"rendered":"<p><\/p>\n<p>Con el objetivo de que m\u00e1s productos campechanos entren a piso de venta en las tiendas de conveniencia del Grupo Energ\u00e9tico del Sureste (GES) el Instituto para el Desarrollo de la Micro, Peque\u00f1a y Mediana Empresa (INDEMIPYME) organiz\u00f3 la mesa de negocios con cinco empresarios locales.<\/p>\n<p>Durante este primer acercamiento, los compradores de la cadena comercial proporcionaron los lineamientos requeridos para comercializar en sus establecimientos ubicados en todo el Estado. <\/p>\n<p>Trabajamos con estas empresas locales para cumplir con los est\u00e1ndares requeridos hasta lograr entrar a las tiendas de conveniencia GES y daremos seguimiento para lograr su permanencia en el mercado, destac\u00f3 el titular del INDEMIPYME, Abraham Azar Lemus.<\/p>\n<p><\/p>\n","protected":false},"excerpt":{"rendered":"<p>Los compradores de la cadena comercial proporcionaron los lineamientos requeridos para comercializar en sus establecimientos ubicados en todo el Estad<\/p>\n","protected":false},"author":1018,"featured_media":0,"comment_status":"open","ping_status":"open","sticky":false,"template":"","format":"standard","meta":{"tdm_status":"","tdm_grid_status":"","footnotes":""},"categories":[27],"tags":[],"_links":{"self":[{"href":"https:\/\/dralvarez.com.mx\/larevista\/wp-json\/wp\/v2\/posts\/69208"}],"collection":[{"href":"https:\/\/dralvarez.com.mx\/larevista\/wp-json\/wp\/v2\/posts"}],"about":[{"href":"https:\/\/dralvarez.com.mx\/larevista\/wp-json\/wp\/v2\/types\/post"}],"author":[{"embeddable":true,"href":"https:\/\/dralvarez.com.mx\/larevista\/wp-json\/wp\/v2\/users\/1018"}],"replies":[{"embeddable":true,"href":"https:\/\/dralvarez.com.mx\/larevista\/wp-json\/wp\/v2\/comments?post=69208"}],"version-history":[{"count":0,"href":"https:\/\/dralvarez.com.mx\/larevista\/wp-json\/wp\/v2\/posts\/69208\/revisions"}],"wp:attachment":[{"href":"https:\/\/dralvarez.com.mx\/larevista\/wp-json\/wp\/v2\/media?parent=69208"}],"wp:term":[{"taxonomy":"category","embeddable":true,"href":"https:\/\/dralvarez.com.mx\/larevista\/wp-json\/wp\/v2\/categories?post=69208"},{"taxonomy":"post_tag","embeddable":true,"href":"https:\/\/dralvarez.com.mx\/larevista\/wp-json\/wp\/v2\/tags?post=69208"}],"curies":[{"name":"wp","href":"https:\/\/api.w.org\/{rel}","templated":true}]}}