{"id":69196,"date":"2018-09-11T00:00:00","date_gmt":"2018-09-11T06:00:00","guid":{"rendered":"https:\/\/dralvarez.com.mx\/larevista\/blog\/el-gobernador-alejandro-moreno-cardenas-encabezo-este-mediodia-una-reunion-de-trabajo-con-autoridades-federales-estatales-y-municipales-29268"},"modified":"2018-09-11T00:00:00","modified_gmt":"2018-09-11T06:00:00","slug":"el-gobernador-alejandro-moreno-cardenas-encabezo-este-mediodia-una-reunion-de-trabajo-con-autoridades-federales-estatales-y-municipales-29268","status":"publish","type":"post","link":"https:\/\/dralvarez.com.mx\/larevista\/compeche\/el-gobernador-alejandro-moreno-cardenas-encabezo-este-mediodia-una-reunion-de-trabajo-con-autoridades-federales-estatales-y-municipales-29268","title":{"rendered":"El gobernador Alejandro Moreno C\u00e1rdenas encabez\u00f3 este mediod\u00eda una reuni\u00f3n de trabajo con autoridades federales, estatales y municipales."},"content":{"rendered":"<\/p>\n<p>El<br \/>\ngobernador Alejandro Moreno C\u00e1rdenas encabez\u00f3 este mediod\u00eda una reuni\u00f3n de<br \/>\ntrabajo con autoridades federales, estatales y municipales para definir de<br \/>\nmanera inmediata las acciones que se emprender\u00e1n con la construcci\u00f3n del Tren<br \/>\nMaya, en lo concerniente a la ruta que integrar\u00e1 el estado, as\u00ed como para<br \/>\natender en el mes de octubre la visita a Campeche del presidente electo Andr\u00e9s<br \/>\nManuel L\u00f3pez Obrador. El mandatario expuso pormenores del encuentro que ayer<br \/>\nsostuvo en Palenque, Chiapas, con sus hom\u00f3logos del sureste y el pr\u00f3ximo<br \/>\ntitular del Ejecutivo federal, y del respaldo que ha brindado al proyecto<br \/>\ntur\u00edstico ferroviario por las oportunidades de integraci\u00f3n y de desarrollo<br \/>\necon\u00f3mico y social que generar\u00e1 en la regi\u00f3n.<\/p>\n<p><\/p>\n","protected":false},"excerpt":{"rendered":"<p>El mandatario expuso pormenores del encuentro que ayer sostuvo en Palenque, Chiapas&#8230;<\/p>\n","protected":false},"author":1018,"featured_media":0,"comment_status":"open","ping_status":"open","sticky":false,"template":"","format":"standard","meta":{"tdm_status":"","tdm_grid_status":"","footnotes":""},"categories":[27],"tags":[],"_links":{"self":[{"href":"https:\/\/dralvarez.com.mx\/larevista\/wp-json\/wp\/v2\/posts\/69196"}],"collection":[{"href":"https:\/\/dralvarez.com.mx\/larevista\/wp-json\/wp\/v2\/posts"}],"about":[{"href":"https:\/\/dralvarez.com.mx\/larevista\/wp-json\/wp\/v2\/types\/post"}],"author":[{"embeddable":true,"href":"https:\/\/dralvarez.com.mx\/larevista\/wp-json\/wp\/v2\/users\/1018"}],"replies":[{"embeddable":true,"href":"https:\/\/dralvarez.com.mx\/larevista\/wp-json\/wp\/v2\/comments?post=69196"}],"version-history":[{"count":0,"href":"https:\/\/dralvarez.com.mx\/larevista\/wp-json\/wp\/v2\/posts\/69196\/revisions"}],"wp:attachment":[{"href":"https:\/\/dralvarez.com.mx\/larevista\/wp-json\/wp\/v2\/media?parent=69196"}],"wp:term":[{"taxonomy":"category","embeddable":true,"href":"https:\/\/dralvarez.com.mx\/larevista\/wp-json\/wp\/v2\/categories?post=69196"},{"taxonomy":"post_tag","embeddable":true,"href":"https:\/\/dralvarez.com.mx\/larevista\/wp-json\/wp\/v2\/tags?post=69196"}],"curies":[{"name":"wp","href":"https:\/\/api.w.org\/{rel}","templated":true}]}}