{"id":69195,"date":"2018-09-11T00:00:00","date_gmt":"2018-09-11T06:00:00","guid":{"rendered":"https:\/\/dralvarez.com.mx\/larevista\/blog\/bomberos-campechanos-son-capacitados-en-la-academia-comandante-alejandro-contreras-sanchez-29267"},"modified":"2018-09-11T00:00:00","modified_gmt":"2018-09-11T06:00:00","slug":"bomberos-campechanos-son-capacitados-en-la-academia-comandante-alejandro-contreras-sanchez-29267","status":"publish","type":"post","link":"https:\/\/dralvarez.com.mx\/larevista\/compeche\/bomberos-campechanos-son-capacitados-en-la-academia-comandante-alejandro-contreras-sanchez-29267","title":{"rendered":"Bomberos campechanos son capacitados en la academia \u201cComandante Alejandro Contreras S\u00e1nchez\u201d"},"content":{"rendered":"<p>Personal del Cuerpo de Bomberos de la Secretar\u00eda de Protecci\u00f3n Civil del Gobierno del Estado de Campeche, se encuentra en capacitaci\u00f3n en la Academia de Bomberos \u201cComandante Alejandro Contreras S\u00e1nchez\u201d, en Playa del Carmen, Quintana Roo.<\/p>\n<p>El objetivo, del curso, que reciben del 10 al 14 de septiembre, es mejorar cada vez m\u00e1s la eficiencia de la corporaci\u00f3n de bomberos con base en la preparaci\u00f3n continua y actualizaci\u00f3n en t\u00e9cnicas y protocolos de rescate y emergencias, como lo establece el eje de Gobierno, Sociedad Fuerte y Protegida. <\/p>\n<p>Reciben instrucci\u00f3n especializada los elementos: Julio Alberto N\u00e1jera Can, en T\u00e9cnicas de Rescate y Supervivencia para Bomberos; Felipe Alberto Ehu\u00e1n Villareal y Gerardo Jes\u00fas Paz Estrada, en Rescate Vehicular; Manuel Jes\u00fas Mendoza N\u00fa\u00f1ez y Sergio Antonio Can Centeno, en Trabajo Vertical: Guadalupe del Jes\u00fas Rodr\u00edguez Zapata, en Materiales Peligrosos y Atentados Terroristas; y Mario Alberto Elizalde Jim\u00e9nez, en Curso para Mandos.<\/p>\n<p><\/p>\n","protected":false},"excerpt":{"rendered":"<p>El objetivo, del curso, que reciben del 10 al 14 de septiembre, es mejorar cada vez m\u00e1s la eficiencia de la corporaci\u00f3n de bomberos&#8230;<\/p>\n","protected":false},"author":1018,"featured_media":0,"comment_status":"open","ping_status":"open","sticky":false,"template":"","format":"standard","meta":{"tdm_status":"","tdm_grid_status":"","footnotes":""},"categories":[27],"tags":[],"_links":{"self":[{"href":"https:\/\/dralvarez.com.mx\/larevista\/wp-json\/wp\/v2\/posts\/69195"}],"collection":[{"href":"https:\/\/dralvarez.com.mx\/larevista\/wp-json\/wp\/v2\/posts"}],"about":[{"href":"https:\/\/dralvarez.com.mx\/larevista\/wp-json\/wp\/v2\/types\/post"}],"author":[{"embeddable":true,"href":"https:\/\/dralvarez.com.mx\/larevista\/wp-json\/wp\/v2\/users\/1018"}],"replies":[{"embeddable":true,"href":"https:\/\/dralvarez.com.mx\/larevista\/wp-json\/wp\/v2\/comments?post=69195"}],"version-history":[{"count":0,"href":"https:\/\/dralvarez.com.mx\/larevista\/wp-json\/wp\/v2\/posts\/69195\/revisions"}],"wp:attachment":[{"href":"https:\/\/dralvarez.com.mx\/larevista\/wp-json\/wp\/v2\/media?parent=69195"}],"wp:term":[{"taxonomy":"category","embeddable":true,"href":"https:\/\/dralvarez.com.mx\/larevista\/wp-json\/wp\/v2\/categories?post=69195"},{"taxonomy":"post_tag","embeddable":true,"href":"https:\/\/dralvarez.com.mx\/larevista\/wp-json\/wp\/v2\/tags?post=69195"}],"curies":[{"name":"wp","href":"https:\/\/api.w.org\/{rel}","templated":true}]}}