{"id":69194,"date":"2018-09-11T00:00:00","date_gmt":"2018-09-11T06:00:00","guid":{"rendered":"https:\/\/dralvarez.com.mx\/larevista\/blog\/el-gobierno-del-estado-de-campeche-vigila-ciclones-tropicales-en-el-atlantico-29266"},"modified":"2018-09-11T00:00:00","modified_gmt":"2018-09-11T06:00:00","slug":"el-gobierno-del-estado-de-campeche-vigila-ciclones-tropicales-en-el-atlantico-29266","status":"publish","type":"post","link":"https:\/\/dralvarez.com.mx\/larevista\/compeche\/el-gobierno-del-estado-de-campeche-vigila-ciclones-tropicales-en-el-atlantico-29266","title":{"rendered":"El gobierno del estado de Campeche vigila Ciclones tropicales en el atl\u00e1ntico"},"content":{"rendered":"<\/p>\n<p>Siguiendo instrucciones del Gobernador<br \/>\ndel Estado, Alejandro Moreno C\u00e1rdenas, la Secretar\u00eda de Protecci\u00f3n Civil<br \/>\nestrecha la vigilancia de los fen\u00f3menos tropicales en la regi\u00f3n del Atl\u00e1ntico.<br \/>\nLo anterior por la presencia de tres ciclones tropicales que se encuentran<br \/>\nactivos y de una zona de inestabilidad del tiempo ubicada en el noroeste del<br \/>\nmar Caribe.<\/p>\n<p>Los ciclones tropicales activos son el hurac\u00e1n<br \/>\n&#8216;Florence&#8217; categor\u00eda tres, que se ubica en el Atl\u00e1ntico medio con vientos de<br \/>\n185 Km\/h y que se mover\u00e1 rumbo a la costa este de Estados Unidos en los<br \/>\npr\u00f3ximos d\u00edas. Tambi\u00e9n se tiene en observaci\u00f3n al hurac\u00e1n &#8216;Helene&#8217; categor\u00eda dos<br \/>\ncon vientos de 165 Km\/h, ubicado en el lejano Atl\u00e1ntico con trayectoria que le<br \/>\nmover\u00e1 hacia el norte, intern\u00e1ndolo en el Atl\u00e1ntico medio. Estos ciclones no<br \/>\nrepresentan peligro para nuestro pa\u00eds, no obstante se mantienen en vigilancia.<\/p>\n<p>De igual forma se encuentra el hurac\u00e1n<br \/>\n&#8216;Isaac&#8217; categor\u00eda 1 con vientos de 120 Km\/h, que se ubica en aguas del<br \/>\nAtl\u00e1ntico tropical a mil 855 kil\u00f3metros al este del Arco de las Antillas<br \/>\nMenores y a m\u00e1s de cuatro mil 500 kil\u00f3metros al este de las costas de Quintana<br \/>\nRoo. Se estima que este Cicl\u00f3n se mueva en los pr\u00f3ximos d\u00edas hacia el Mar Caribe,<br \/>\nintern\u00e1ndose en dicha regi\u00f3n y con la posibilidad de disminuir un poco su<br \/>\nintensidad. Por su ubicaci\u00f3n y su futura trayectoria \u2018Isaac\u2019 se mantiene en<br \/>\nvigilancia permanente. Ninguno de estos sistemas tiene efecto actualmente sobre<br \/>\nnuestra regi\u00f3n.<\/p>\n<p>Adicionalmente una Zona de Inestabilidad<br \/>\ndel tiempo se ubica actualmente en el noroeste del Caribe, se prev\u00e9 un<br \/>\ndesplazamiento sobre la Pen\u00ednsula de Yucat\u00e1n en los siguientes dos d\u00edas<br \/>\naumentando el potencial de lluvias en nuestra regi\u00f3n para posteriormente internarse<br \/>\nen aguas del Golfo de M\u00e9xico y, mientras se aleja, tendr\u00e1 m\u00e1s posibilidad de<br \/>\ndesarrollar un cicl\u00f3n tropical. Se mantiene en vigilancia permanente.<\/p>\n<p>En el \u00e1mbito local, una Onda Tropical<br \/>\ncruzar\u00e1 el Estado de Campeche en las pr\u00f3ximas 24 horas por lo que se mantiene<br \/>\nla probabilidad de lluvias moderadas a fuertes, con alguna muy fuerte, rachas<br \/>\nde viento y actividad el\u00e9ctrica asociada as\u00ed como temperaturas calurosas. El<br \/>\npotencial de lluvias podr\u00e1 aumentar hacia las 36 a 48 horas siguientes.<\/p><\/p>\n","protected":false},"excerpt":{"rendered":"<p>La Secretar\u00eda de Protecci\u00f3n Civil del Gobierno del Estado de Campeche informa respecto de la vigilancia de Ciclones Tropicales&#8230;<\/p>\n","protected":false},"author":1018,"featured_media":0,"comment_status":"open","ping_status":"open","sticky":false,"template":"","format":"standard","meta":{"tdm_status":"","tdm_grid_status":"","footnotes":""},"categories":[27],"tags":[],"_links":{"self":[{"href":"https:\/\/dralvarez.com.mx\/larevista\/wp-json\/wp\/v2\/posts\/69194"}],"collection":[{"href":"https:\/\/dralvarez.com.mx\/larevista\/wp-json\/wp\/v2\/posts"}],"about":[{"href":"https:\/\/dralvarez.com.mx\/larevista\/wp-json\/wp\/v2\/types\/post"}],"author":[{"embeddable":true,"href":"https:\/\/dralvarez.com.mx\/larevista\/wp-json\/wp\/v2\/users\/1018"}],"replies":[{"embeddable":true,"href":"https:\/\/dralvarez.com.mx\/larevista\/wp-json\/wp\/v2\/comments?post=69194"}],"version-history":[{"count":0,"href":"https:\/\/dralvarez.com.mx\/larevista\/wp-json\/wp\/v2\/posts\/69194\/revisions"}],"wp:attachment":[{"href":"https:\/\/dralvarez.com.mx\/larevista\/wp-json\/wp\/v2\/media?parent=69194"}],"wp:term":[{"taxonomy":"category","embeddable":true,"href":"https:\/\/dralvarez.com.mx\/larevista\/wp-json\/wp\/v2\/categories?post=69194"},{"taxonomy":"post_tag","embeddable":true,"href":"https:\/\/dralvarez.com.mx\/larevista\/wp-json\/wp\/v2\/tags?post=69194"}],"curies":[{"name":"wp","href":"https:\/\/api.w.org\/{rel}","templated":true}]}}