{"id":69193,"date":"2018-09-11T00:00:00","date_gmt":"2018-09-11T06:00:00","guid":{"rendered":"https:\/\/dralvarez.com.mx\/larevista\/blog\/secretaria-general-de-gobierno-29265"},"modified":"2018-09-11T00:00:00","modified_gmt":"2018-09-11T06:00:00","slug":"secretaria-general-de-gobierno-29265","status":"publish","type":"post","link":"https:\/\/dralvarez.com.mx\/larevista\/compeche\/secretaria-general-de-gobierno-29265","title":{"rendered":"Secretar\u00eda general de gobierno"},"content":{"rendered":"<p>Por instrucciones del Gobernador del Estado de Campeche, Alejandro Moreno C\u00e1rdenas, se dio posesi\u00f3n a la CPF Iris Janell May Garc\u00eda, como Directora del Peri\u00f3dico Oficial del Estado. Recibi\u00f3 el nombramiento de manos del Subsecretario de Asuntos Jur\u00eddicos y Derechos Humanos de la Secretar\u00eda General de Gobierno, Alejandro Ram\u00f3n Medina Pi\u00f1a.<\/p>\n","protected":false},"excerpt":{"rendered":"<p>Por instrucciones del Gobernador del Estado de Campeche, Alejandro Moreno C\u00e1rdenas, se dio posesi\u00f3n a la CPF Iris Janell May Garc\u00eda&#8230;<\/p>\n","protected":false},"author":1018,"featured_media":0,"comment_status":"open","ping_status":"open","sticky":false,"template":"","format":"standard","meta":{"tdm_status":"","tdm_grid_status":"","footnotes":""},"categories":[27],"tags":[],"_links":{"self":[{"href":"https:\/\/dralvarez.com.mx\/larevista\/wp-json\/wp\/v2\/posts\/69193"}],"collection":[{"href":"https:\/\/dralvarez.com.mx\/larevista\/wp-json\/wp\/v2\/posts"}],"about":[{"href":"https:\/\/dralvarez.com.mx\/larevista\/wp-json\/wp\/v2\/types\/post"}],"author":[{"embeddable":true,"href":"https:\/\/dralvarez.com.mx\/larevista\/wp-json\/wp\/v2\/users\/1018"}],"replies":[{"embeddable":true,"href":"https:\/\/dralvarez.com.mx\/larevista\/wp-json\/wp\/v2\/comments?post=69193"}],"version-history":[{"count":0,"href":"https:\/\/dralvarez.com.mx\/larevista\/wp-json\/wp\/v2\/posts\/69193\/revisions"}],"wp:attachment":[{"href":"https:\/\/dralvarez.com.mx\/larevista\/wp-json\/wp\/v2\/media?parent=69193"}],"wp:term":[{"taxonomy":"category","embeddable":true,"href":"https:\/\/dralvarez.com.mx\/larevista\/wp-json\/wp\/v2\/categories?post=69193"},{"taxonomy":"post_tag","embeddable":true,"href":"https:\/\/dralvarez.com.mx\/larevista\/wp-json\/wp\/v2\/tags?post=69193"}],"curies":[{"name":"wp","href":"https:\/\/api.w.org\/{rel}","templated":true}]}}