{"id":69159,"date":"2018-09-11T00:00:00","date_gmt":"2018-09-11T06:00:00","guid":{"rendered":"https:\/\/dralvarez.com.mx\/larevista\/blog\/gobernador-amc-demanda-atender-necesidades-de-vivienda-de-cada-region-del-pais-29230"},"modified":"2018-09-11T00:00:00","modified_gmt":"2018-09-11T06:00:00","slug":"gobernador-amc-demanda-atender-necesidades-de-vivienda-de-cada-region-del-pais-29230","status":"publish","type":"post","link":"https:\/\/dralvarez.com.mx\/larevista\/compeche\/gobernador-amc-demanda-atender-necesidades-de-vivienda-de-cada-region-del-pais-29230","title":{"rendered":"Gobernador AMC demanda atender necesidades de vivienda de cada regi\u00f3n del pa\u00eds"},"content":{"rendered":"<p>Al inaugurar la XXXIII Reuni\u00f3n Nacional del Consejo Nacional de Organismos Estatales de Vivienda (Conorevi), el gobernador Alejandro Moreno C\u00e1rdenas convoc\u00f3 a trabajar en equipo y mantener una relaci\u00f3n cercana y respetuosa con la pr\u00f3xima administraci\u00f3n federal que permita fortalecer al sector de la vivienda en el pa\u00eds y atender con claridad las necesidades que en la materia demanda cada regi\u00f3n de M\u00e9xico.<\/p>\n<p>En el evento, donde autoridades nacionales reconocieron los logros que ha tenido la entidad en el rubro de la vivienda, Moreno C\u00e1rdenas puntualiz\u00f3 que hay que tener claro qu\u00e9 se necesita hacer en cada una de las regiones del pa\u00eds para atender con un programa serio, transparente y de cara a la sociedad, temas importantes como la vivienda, seguridad, educaci\u00f3n, salud, donde la poblaci\u00f3n demanda resultados r\u00e1pidamente.<\/p>\n<p>\u201cA la p\u00e1gina del proceso electoral hay que darle la vuelta; hoy estamos comprometidos con el pr\u00f3ximo gobierno del presidente electo Andr\u00e9s Manuel L\u00f3pez Obrador en construir una relaci\u00f3n de respeto, cercana y de trabajo, por lo que los proyectos de inversi\u00f3n que generen empleo y oportunidades para la gente ser\u00e1n respaldados en Campeche\u201d, cit\u00f3 en presencia del director general de la Comisi\u00f3n Nacional de Vivienda (Conavi), Jorge Wolpert Kuri y de quienes han sido presentados como responsables del pr\u00f3ximo gobierno federal en el tema habitacional. <\/p>\n<p>Tambi\u00e9n, ante directores de los organismos estatales de vivienda de todo el pa\u00eds, funcionarios de los tres \u00f3rdenes de gobierno, empresarios, representantes de colegios y estudiantes, el mandatario estatal subray\u00f3 que desde el inicio de su administraci\u00f3n se puso en marcha en la entidad un programa de vivienda con estrategia, dirigida a la poblaci\u00f3n m\u00e1s vulnerable y as\u00ed contribuir a mejorar la calidad de vida de las familias que menos recursos tienen.<\/p>\n<p>Indic\u00f3 que con el gobierno del presidente Enrique Pe\u00f1a Nieto ha mantenido una relaci\u00f3n cercana de trabajo y fortalecido la capacidad de gesti\u00f3n para traer mayores recursos al estado, con el compromiso de que estos sean aplicados de manera transparente y eficaz y avanzar en la construcci\u00f3n de m\u00e1s infraestructura, generar mayores oportunidades al sector empresarial y crear empleos.<\/p>\n<p>Subray\u00f3 que, en la gesti\u00f3n de recursos, no solo es importante trabajar de la mano con las autoridades federales, sino presentar programas estrat\u00e9gicos que vayan acompa\u00f1ados de estudios y expedientes t\u00e9cnicos que avalen su viabilidad.<\/p>\n<p>\u201cAqu\u00ed trabajamos juntos y en equipo, aqu\u00ed no hay colores partidistas, aqu\u00ed hay compromisos y tareas asignadas, para que podamos darle respuestas y soluciones al pueblo campechano\u201d, remarc\u00f3.<\/p>\n<p>Por su parte, Wolpert Kuri hizo un reconocimiento al gobernador Moreno C\u00e1rdenas por su voluntad de respaldar la creaci\u00f3n de pol\u00edticas p\u00fablicas en materia de vivienda y darle la importancia que tiene como eje social y econ\u00f3mico en el desarrollo de las comunidades.<\/p>\n<p>Asever\u00f3 que la vivienda debe mantenerse como pol\u00edtica en el centro de la atenci\u00f3n de cualquier gobernante, ya que cuando entra una nueva administraci\u00f3n surgen expectativas de la sociedad de cambiar las cosas. \u201cEs importante reconocer lo que se ha hecho para no repetir ni encontrar caminos que se han recorrido, sino buscar cu\u00e1les semillas se han sembrado para poder avanzar\u201d, coment\u00f3.<\/p>\n<p>Dijo que a diferencia de a\u00f1os atr\u00e1s, hoy la pol\u00edtica de la vivienda social en el pa\u00eds tiene un claro v\u00ednculo con la pol\u00edtica territorial, lo cual ha sido un acierto, por lo que consider\u00f3 que seguramente el pr\u00f3ximo gobierno la continuar\u00e1 y mejorar\u00e1 porque finalmente las pol\u00edticas p\u00fablicas son herramientas din\u00e1micas.<\/p>\n<p>Precis\u00f3 que independientemente del esfuerzo importante que se realiza para quienes est\u00e1n afiliados al infonavit, en los \u00faltimos dos a\u00f1os hubo un cambio significativo para atender a la poblaci\u00f3n m\u00e1s vulnerable.<\/p>\n<p>Abund\u00f3 que antes de 2016 se destinaba aproximadamente el nueve por ciento del presupuesto a los subsidios para atender a los no afiliados al Infonavit; en 2017 se decidi\u00f3 incrementarlo al 20 por ciento y este a\u00f1o los recursos se triplicaron, llegando a un porcentaje por arriba del 33 por ciento. <\/p>\n<p>\u201cEstamos hablando de bases s\u00f3lidas que se deben mantener para apoyar a la poblaci\u00f3n de menores ingresos, que se podr\u00e1n complementar y mejorar, teniendo una visi\u00f3n territorial de la aplicaci\u00f3n de los incentivos del gobierno para la vivienda social\u201d, manifest\u00f3.<\/p>\n<p>El presidente del Conorevi, Octavio Domingo Gonz\u00e1lez Padilla, tras resaltar los logros del gobierno que encabeza Alejandro Moreno C\u00e1rdenas en materia de seguridad, econom\u00eda, salud, educaci\u00f3n y abatimiento del rezago de los servicios y carencia de vivienda, sostuv\u00f3 que en la actualidad,  212 localidades de los 11 municipios est\u00e1n siendo atendidas para suministrar vivienda a la poblaci\u00f3n de bajos ingresos. <\/p>\n<p>\u201cM\u00e9xico est\u00e1 por iniciar una etapa nueva y trascendental en la pol\u00edtica y las acciones que se deben realizar en vivienda. Hay que reconocer lo que se ha logrado y realizado en este gobierno, en coordinaci\u00f3n interinstitucional\u201d, concluy\u00f3.<\/p>\n<p>Previamente, el director general de la Codesvi, Oswaldo Sierra Villajuana, destac\u00f3 que en materia de vivienda Campeche camina de acuerdo a los objetivos trazados para combatir las carencias sociales, lo que le ha permitido ocupar en la \u00faltima medici\u00f3n del Coneval, el primer lugar en disminuci\u00f3n de carencia en servicios b\u00e1sicos a la vivienda y el cuarto mejor desempe\u00f1o en calidad y espacio de la misma.<\/p>\n<p>Puntualiz\u00f3 que en M\u00e9xico el 65 por ciento de la poblaci\u00f3n econ\u00f3micamente activa no est\u00e1 afiliada a alg\u00fan sistema de apoyo institucional para vivienda y en los \u00faltimos a\u00f1os los recursos destinados en la materia representaron el 26 por ciento para esa poblaci\u00f3n, de los cuales tan solo uno de cada 10 fueron ejecutados por organismos estatales, por lo que es necesario incrementar la oferta de vivienda que estimule la inversi\u00f3n y la diversificaci\u00f3n de espacios habitaciones, teniendo el espacio p\u00fablico como centro articulador de la vida de las ciudades. <br \/>Campeche es sede de la reuni\u00f3n nacional en reconocimiento al trabajo realizado por el Gobierno del Estado en materia habitacional en los \u00faltimos tres a\u00f1os, y durante su desarrollo se impartir\u00e1n diversas conferencias, entre ellas las denominadas \u201cSuperciudades. La inteligencia del territorio\u201d, a cargo de Alfonso Vergara G\u00f3mez y \u201cNueva Agenda Urbana\u201d, de Joan Clos, ex director Ejecutivo de ONU-H\u00e1bitat.<br \/>Estuvieron presentes, Edna Elena Vega Rangel y Agust\u00edn Rodr\u00edguez L\u00f3pez, propuestos por el presidente electo para dirigir la Comisi\u00f3n Nacional de Vivienda y el Fovissste, respectivamente; Armando Rosales Garc\u00eda, en representaci\u00f3n del Rom\u00e1n Meyer Falc\u00f3n, pr\u00f3ximo titular de la Sedatu, y los representantes de los poderes Legislativo, Laura Baqueiro Ramos y Judicial, Miguel \u00c1ngel Chuc L\u00f3pez.<\/p>\n<\/p>\n<p><b>Palabras<br \/>\ndel gobernador del estado, Alejandro Moreno C\u00e1rdenas, durante la inauguraci\u00f3n<br \/>\nde la xxxiii reuni\u00f3n nacional del consejo nacional de organismos estatales de<br \/>\nvivienda (conorevi)<\/b><\/p>\n<\/p>\n<p>Muy buenos d\u00edas, amigas y amigos. Me da mucho gusto que est\u00e9n aqu\u00ed, en este maravilloso Estado, Campeche, que es su casa. Siempre, para estos eventos, preparamos un discurso pero me siento muy contento de estar aqu\u00ed, hoy, con ustedes, de sentir no s\u00f3lo buena energ\u00eda, buen \u00e1nimo, sino el compromiso profesional, social; un compromiso real de todos los organismos de vivienda por generar mejor calidad de vida para todas las familias mexicanas.<\/p>\n<p>Quiero, a nombre del pueblo y del Gobierno de Campeche, darles la m\u00e1s cordial bienvenida a todos los titulares de los organismos de vivienda del pa\u00eds, encabezados por su presidente, por el ingeniero Octavio Gonz\u00e1lez. Muchas gracias por estar aqu\u00ed. Agradezco mucho al arquitecto Jorge Wolpert Kuri, muchas gracias por estar aqu\u00ed. Agradecerle mucho al arquitecto Oswaldo Sierra, titular del organismo de vivienda en el Estado de Campeche.<\/p>\n<p>Saludar con el afecto y con el aprecio a todos los integrantes del pres\u00eddium, darles la m\u00e1s cordial bienvenida a quienes, sin duda, con nosotros, habremos y habr\u00e1n de construir una relaci\u00f3n cercana, una relaci\u00f3n s\u00f3lida para seguir impulsando la vivienda en todo nuestro pa\u00eds. As\u00ed que le agradezco mucho al doctor Armando Rosales que est\u00e9 aqu\u00ed con nosotros, al arquitecto Agust\u00edn Rodr\u00edguez y a la maestra Edna Vega, titulares en la pr\u00f3xima administraci\u00f3n p\u00fablica federal. Sean ustedes bienvenidos a Campeche.<\/p>\n<p>Agradecer, tambi\u00e9n, la presencia de los servidores p\u00fablicos estatales, federales, municipales; a los j\u00f3venes; a los estudiantes que est\u00e1n aqu\u00ed; a los empresarios; porque hoy podr\u00e1n contar con un cartel de primera, ponentes de primera que habr\u00e1n de fortalecer el compromiso, el conocimiento y el profesionalismo de la vivienda, de la relaci\u00f3n que debemos de tener en este sector fundamental. Por eso, le agradezco much\u00edsimo al doctor Joan Clos que est\u00e9 aqu\u00ed, en Campeche; al arquitecto Enrique Ortiz y al doctor Alfonso Vergara. Sean ustedes bienvenidos a Campeche.<\/p>\n<p>Amigas y amigos quiero decirles que todo lo que aqu\u00ed se ha mencionado ha sido el compromiso indeclinable que tenemos, todos, por participar en fortalecer un sector fundamental como es la vivienda en M\u00e9xico, en todos los Estados de la Rep\u00fablica. Por ello, desde el primer d\u00eda de mi gobierno implementamos un programa con m\u00e9todo, con estrategia clara, dirigida a la poblaci\u00f3n m\u00e1s vulnerable en nuestro Estado.<\/p>\n<p>Y hoy, la vivienda no s\u00f3lo mejora el comportamiento de nuestra sociedad, al interior, como un n\u00facleo fundamental; la vivienda es calidad de vida, una vivienda digna, bien construida y con acceso a todas las mexicanas y a todos los mexicanos. Desde el inicio de mi gobierno trabajamos cercanamente con el gobierno del Presidente de la Rep\u00fablica, Enrique Pe\u00f1a Nieto, para fortalecer nuestra capacidad de gesti\u00f3n; con un gobierno cercano a la gente, que aplique los recursos con transparencia, con eficiencia y con eficacia para que la sociedad tenga claro en qu\u00e9 se invierte cada peso.<\/p>\n<p>Y de la mano del Gobierno federal, tienen que ir acompa\u00f1ados los gobiernos de los Estados presentando los programas, los proyectos estrat\u00e9gicos, con estudios y expedientes t\u00e9cnicos para poder ver su viabilidad r\u00e1pida e inmediata. Por eso, el Gobierno de un servidor ha tenido siempre la m\u00edstica de gestionar; gestionar todos y cada uno de los d\u00edas para traer m\u00e1s infraestructura, para traer m\u00e1s apoyo federal, para generar oportunidades a todos los empresarios\u2026 Y que hoy, Campeche se est\u00e9 consolidando como un Estado de vanguardia en diferentes sectores.<\/p>\n<p>Y algo muy importante, la seguridad\u2026 Campeche, hoy, es el Estado con la menor incidencia delictiva del pa\u00eds por cada cien mil habitantes y eso no lo digo yo, eso lo dice el Sistema Nacional de Seguridad P\u00fablica. Pero no quiere decir que no existan delitos, claro que existen delitos; y trabajamos todos los d\u00edas para que haya m\u00e1s inversi\u00f3n, m\u00e1s capacitaci\u00f3n, m\u00e1s cercan\u00eda con la sociedad para que, juntos, atendamos este importante desaf\u00edo que tienen todos los Estados de la Rep\u00fablica.<\/p>\n<p>Pero, tambi\u00e9n, Campeche ha dado pasos importantes a la modernidad y por eso, hoy, estamos apoyando decididamente el tema de la vivienda al generarles oportunidades de accesibilidad a los campechanos. Campeche tiene dos Zonas Econ\u00f3micas Especiales: Seybaplaya, en el municipio de Champot\u00f3n, y Carmen, que ser\u00e1n dos polos importantes de desarrollo para destacar oportunamente, para atender la capacidad de inversi\u00f3n que podemos generar en instalar, en los pr\u00f3ximos 20 a\u00f1os, 40 empresas con una inversi\u00f3n de m\u00e1s de 4 mil 500 millones de d\u00f3lares y una generaci\u00f3n de m\u00e1s de 20 mil empleos.<\/p>\n<p>Pero s\u00f3lo trabajando juntos y en equipo podemos lograr y resolver estos grandes retos y estos grandes desaf\u00edos, por eso, hoy, lo digo con claridad, como debe de ser, al proceso electoral hay que darle la vuelta a la p\u00e1gina\u2026 Hoy todos estamos comprometidos en trabajar con la nueva administraci\u00f3n del presidente electo, el licenciado Andr\u00e9s Manuel L\u00f3pez Obrador.<\/p>\n<p>Porque queremos construir no s\u00f3lo una relaci\u00f3n de respeto y de compromiso, tener una relaci\u00f3n cercana, de trabajo de todos los d\u00edas; y por ello, todos los proyectos de inversi\u00f3n, todos los proyectos que generen empleo y oportunidades para los campechanos, aqu\u00ed en Campeche los vamos a respaldar y los vamos a apoyar. Pero el esfuerzo debe ser en conjunto\u2026 Dise\u00f1ar un plan maestro en el tema de vivienda, en el plan de ordenamiento territorial, en el tener claro qu\u00e9 se necesita hacer en cada una de las regiones del pa\u00eds porque M\u00e9xico es un mosaico.<\/p>\n<p>M\u00e9xico son diversas y distintas regiones y debemos de atender, con claridad, con prontitud, con un programa claro, serio, transparente y de cara a la sociedad, de c\u00f3mo vamos a atender los temas m\u00e1s importantes, social, en vivienda, en seguridad, en educaci\u00f3n, en salud; en todos los grandes temas que demandan resultados y que la poblaci\u00f3n quiere que se resuelvan r\u00e1pidamente.<\/p>\n<p>Por ello, finalmente, quiero compartirles a todos y cada uno de ustedes, con mucho afecto y con mucho aprecio, aqu\u00ed trabajamos todos los d\u00edas juntos y en equipo, aqu\u00ed no hay colores, aqu\u00ed no hay partidos; aqu\u00ed hay compromisos y tareas asignadas para que podamos darle respuestas y soluciones al pueblo campechano.<\/p>\n<p>Siempre lo he dicho y se lo comparto a ustedes, nadie nos va a regalar nada ni nadie va a hacer por nosotros lo que nos toca hacer.<br \/>Es el momento y la hora de M\u00e9xico, es el momento y la hora de cada una de sus entidades federativas; hag\u00e1moslo con el enorme compromiso de darle resultados a nuestra gente. Porque a los ciudadanos muchas veces poco les importa qu\u00e9 dicen los pol\u00edticos o qu\u00e9 dicen los partidos, los ciudadanos quieren educaci\u00f3n, salud, empleo, vivienda y una mejor calidad de vida.<\/p>\n<p>Y eso s\u00f3lo lo podemos lograr si tenemos la firme convicci\u00f3n, si tenemos una voluntad inquebrantable para lograr nuestros objetivos por m\u00e1s dif\u00edciles que parezcan.  Por eso, hoy, siempre lo comparto, hay una vieja regla de oro en el alpinismo que hay que atender con humildad y con mucha sencillez.<\/p>\n<p>Ya saben lo dif\u00edcil, el gran trabajo y el tiempo que nos lleva conquistar una monta\u00f1a y llegar a la cima, y entonces en el alpinismo se dice que cuando uno llega a la cima, hay que celebrar poco porque se nos puede agotar el ox\u00edgeno y ah\u00ed puede morir uno. Por ello, cuando uno alcanza la cima, hay que bajar con humildad y escoger otra cima, otro reto, otro desaf\u00edo, y lograrla y alcanzarla. Por ello, amigas y amigos, trabajemos juntos y trabajemos en equipo.<\/p>\n<p>A los campechanos nos da mucho gusto que est\u00e9n aqu\u00ed, Campeche es un pueblo de gente buena, de gente trabajadora, de gente franca; de mujeres y de hombres que queremos un mejor destino y un mejor horizonte. Y no tengan ni la menor duda, jam\u00e1s escuchar\u00e1n de m\u00ed que no hay recursos o que no se puede.<\/p>\n<p>Esa es mi responsabilidad, gestionar y trabajar todos los d\u00edas para darles respuestas y resultados a los ciudadanos. Los gobernantes no tenemos problemas, los gobernantes tenemos asuntos que resolver pues, para ello nos eligi\u00f3 el pueblo. Y aqu\u00ed en Campeche, trabajamos todos los d\u00edas con firmeza, con car\u00e1cter y con orgullo para darles respuestas y soluciones a los ciudadanos.<\/p>\n<p>Ll\u00e9vense algo, muy grabado: Un pesimista se queja del viento, un optimista espera que el viento cambie, y un realista ajusta las velas del barco y llega adonde quiere ir. Eso es lo que estamos haciendo aqu\u00ed en Campeche, por eso, les comparto: No tuvieron el privilegio de nacer en esta tierra pero a partir de hoy van a vivir en nuestro coraz\u00f3n y no van a pagar renta. \u00a1Bienvenidos todos a Campeche!<\/p>\n","protected":false},"excerpt":{"rendered":"<p>Plantea fortalecer trabajo en equipo para dar resultados a la poblaci\u00f3n m\u00e1s vulnerable&#8230;<\/p>\n","protected":false},"author":1018,"featured_media":0,"comment_status":"open","ping_status":"open","sticky":false,"template":"","format":"standard","meta":{"tdm_status":"","tdm_grid_status":"","footnotes":""},"categories":[27],"tags":[],"_links":{"self":[{"href":"https:\/\/dralvarez.com.mx\/larevista\/wp-json\/wp\/v2\/posts\/69159"}],"collection":[{"href":"https:\/\/dralvarez.com.mx\/larevista\/wp-json\/wp\/v2\/posts"}],"about":[{"href":"https:\/\/dralvarez.com.mx\/larevista\/wp-json\/wp\/v2\/types\/post"}],"author":[{"embeddable":true,"href":"https:\/\/dralvarez.com.mx\/larevista\/wp-json\/wp\/v2\/users\/1018"}],"replies":[{"embeddable":true,"href":"https:\/\/dralvarez.com.mx\/larevista\/wp-json\/wp\/v2\/comments?post=69159"}],"version-history":[{"count":0,"href":"https:\/\/dralvarez.com.mx\/larevista\/wp-json\/wp\/v2\/posts\/69159\/revisions"}],"wp:attachment":[{"href":"https:\/\/dralvarez.com.mx\/larevista\/wp-json\/wp\/v2\/media?parent=69159"}],"wp:term":[{"taxonomy":"category","embeddable":true,"href":"https:\/\/dralvarez.com.mx\/larevista\/wp-json\/wp\/v2\/categories?post=69159"},{"taxonomy":"post_tag","embeddable":true,"href":"https:\/\/dralvarez.com.mx\/larevista\/wp-json\/wp\/v2\/tags?post=69159"}],"curies":[{"name":"wp","href":"https:\/\/api.w.org\/{rel}","templated":true}]}}