{"id":69150,"date":"2018-09-10T00:00:00","date_gmt":"2018-09-10T06:00:00","guid":{"rendered":"https:\/\/dralvarez.com.mx\/larevista\/blog\/presidir-la-asetur-gran-oportunidad-para-campeche-manos-esparragoza-29220"},"modified":"2018-09-10T00:00:00","modified_gmt":"2018-09-10T06:00:00","slug":"presidir-la-asetur-gran-oportunidad-para-campeche-manos-esparragoza-29220","status":"publish","type":"post","link":"https:\/\/dralvarez.com.mx\/larevista\/compeche\/presidir-la-asetur-gran-oportunidad-para-campeche-manos-esparragoza-29220","title":{"rendered":"Presidir la ASETUR, gran oportunidad  para Campeche: Manos Esparragoza"},"content":{"rendered":"<\/p>\n<p>Presidir el consejo directivo de la Uni\u00f3n de Secretarios de Turismo de M\u00e9xico A.C. (ASETUR) es un gran compromiso, pero sobre todo un hecho sin precedente para Campeche porque por primera vez un Estado del Sureste encabeza esta organizaci\u00f3n, expres\u00f3 el titular de la Secretar\u00eda de Turismo del Gobierno del Estado, Jorge Enrique Manos Esparragoza.<\/p>\n<p>Lo anterior en referencia a que el pasado 7 de septiembre, con la asistencia de representantes de 30 estados y en el marco de la Trig\u00e9sima Asamblea Ordinaria de dicho organismo en la ciudad de Guanajuato, el Secretario de Turismo del Estado de Campeche, Jorge Enrique Manos Esparragoza, asumi\u00f3 la presidencia &nbsp;de la ASETUR.<\/p>\n<p>Dijo que es una gran oportunidad para Campeche, pues de entrada nuestra entidad tendr\u00e1 lugar en cada uno de los eventos tur\u00edsticos m\u00e1s importantes, pero igual se trata de un fuerte compromiso porque ya hay que estar gestionando no solamente por Campeche sino que ahora representamos a todo el pa\u00eds.<\/p>\n<p>En este sentido, agradeci\u00f3 la confianza de los secretarios de turismo de todo el pa\u00eds que lo respaldaron en la votaci\u00f3n para presidir la ASETUR. Anteriormente, como parte de esta asociaci\u00f3n, el secretario hab\u00eda fungido como tesorero y tambi\u00e9n ocupado el cargo de vicepresidente para la Regi\u00f3nSur.<\/p>\n<p>Luego del protocolo en el que rindi\u00f3 protesta, Manos Esparragoza reconoci\u00f3 que la ASETUR es ejemplo de unidad y se comprometi\u00f3 a trabajar en equipo para fortalecer la actividad tur\u00edstica, dando continuidad a los acuerdos establecidos as\u00ed como a los proyectos que la Uni\u00f3n de Secretarios de Turismo de M\u00e9xico ha logrado presentar a la Secretar\u00eda de Turismo Federal (SECTUR) y el Consejo de Promoci\u00f3n Tur\u00edstica de M\u00e9xico (CPTM).<\/p>\n<p>Reiter\u00f3 que Campeche est\u00e1 fortalecido en materia tur\u00edstica y contin\u00faa posicion\u00e1ndose a nivel nacional e internacional, gracias al esfuerzo de la administraci\u00f3n que encabeza el Gobernador del Estado, Alejandro Moreno C\u00e1rdenas, y el que ahora Campeche est\u00e9 al frente de la ASETUR, es un reconocimiento al trabajo desarrollado por su Gobierno.<\/p><\/p>\n","protected":false},"excerpt":{"rendered":"<p>Presidir el consejo directivo de la Uni\u00f3n de Secretarios de Turismo de M\u00e9xico A.C. (ASETUR) es un gran compromiso&#8230;<\/p>\n","protected":false},"author":1018,"featured_media":0,"comment_status":"open","ping_status":"open","sticky":false,"template":"","format":"standard","meta":{"tdm_status":"","tdm_grid_status":"","footnotes":""},"categories":[27],"tags":[],"_links":{"self":[{"href":"https:\/\/dralvarez.com.mx\/larevista\/wp-json\/wp\/v2\/posts\/69150"}],"collection":[{"href":"https:\/\/dralvarez.com.mx\/larevista\/wp-json\/wp\/v2\/posts"}],"about":[{"href":"https:\/\/dralvarez.com.mx\/larevista\/wp-json\/wp\/v2\/types\/post"}],"author":[{"embeddable":true,"href":"https:\/\/dralvarez.com.mx\/larevista\/wp-json\/wp\/v2\/users\/1018"}],"replies":[{"embeddable":true,"href":"https:\/\/dralvarez.com.mx\/larevista\/wp-json\/wp\/v2\/comments?post=69150"}],"version-history":[{"count":0,"href":"https:\/\/dralvarez.com.mx\/larevista\/wp-json\/wp\/v2\/posts\/69150\/revisions"}],"wp:attachment":[{"href":"https:\/\/dralvarez.com.mx\/larevista\/wp-json\/wp\/v2\/media?parent=69150"}],"wp:term":[{"taxonomy":"category","embeddable":true,"href":"https:\/\/dralvarez.com.mx\/larevista\/wp-json\/wp\/v2\/categories?post=69150"},{"taxonomy":"post_tag","embeddable":true,"href":"https:\/\/dralvarez.com.mx\/larevista\/wp-json\/wp\/v2\/tags?post=69150"}],"curies":[{"name":"wp","href":"https:\/\/api.w.org\/{rel}","templated":true}]}}