{"id":69149,"date":"2018-09-10T00:00:00","date_gmt":"2018-09-10T06:00:00","guid":{"rendered":"https:\/\/dralvarez.com.mx\/larevista\/blog\/emprendedores-campechanos-participan-en-la-semana-nacional-del-emprendedor-29219"},"modified":"2018-09-10T00:00:00","modified_gmt":"2018-09-10T06:00:00","slug":"emprendedores-campechanos-participan-en-la-semana-nacional-del-emprendedor-29219","status":"publish","type":"post","link":"https:\/\/dralvarez.com.mx\/larevista\/compeche\/emprendedores-campechanos-participan-en-la-semana-nacional-del-emprendedor-29219","title":{"rendered":"Emprendedores campechanos Participan en la semana nacional del emprendedor"},"content":{"rendered":"<\/p>\n<p>El<br \/>\nsecretario de Desarrollo Econ\u00f3mico, Jos\u00e9 Domingo Berzunza Esp\u00ednola, dio el<br \/>\nbanderazo de salida a tres autobuses que transportar\u00e1n a 150 j\u00f3venes<br \/>\ncampechanos a la Semana Nacional del Emprendedor en la Ciudad de M\u00e9xico,<br \/>\nconsiderado como el evento empresarial y de emprendimiento m\u00e1s grande del pa\u00eds,<br \/>\norganizado por el Instituto Nacional del Emprendedor (INADEM).<\/p>\n<p>Berzunza<br \/>\nEsp\u00ednola destac\u00f3 que de esta manera por tercer a\u00f1o consecutivo se apoy\u00f3 de<br \/>\nmanera gratuita con transporte redondo a los j\u00f3venes que desean asistir a este<br \/>\nimportante evento y se suman a los m\u00e1s de 420 emprendedores que asistieron de<br \/>\nla misma forma en los primeros dos a\u00f1os de esta administraci\u00f3n.<\/p>\n<p>La<br \/>\nSemana Nacional del Emprendedor, que se realizar\u00e1 en el Centro Citibanamex, a<br \/>\nrealiza del 10 al 14 de septiembre, es el evento empresarial y de emprendimiento<br \/>\nm\u00e1s importante de M\u00e9xico que tiene como objetivo brindar a los emprendedores y<br \/>\nmicro, peque\u00f1os y medianos empresarios las herramientas y soluciones necesarias<br \/>\npara iniciar su negocio o consolidar su empresa.<\/p>\n<p>Bajo<br \/>\nla tem\u00e1tica \u201cEvoluci\u00f3n del Ecosistema Emprendedor\u201d, la Semana Nacional del<br \/>\nEmprendedor tendr\u00e1 como ejes transversales: la innovaci\u00f3n, el financiamiento y<br \/>\nlas tecnolog\u00edas emergentes. Se han dise\u00f1ado seis perfiles que permitir\u00e1n<br \/>\ncanalizar la oferta de contenido disponible a los asistentes y garantizar una<br \/>\nmejor experiencia que se adapte a las necesidades de cada uno: emprendedor en<br \/>\npotencia, emprendedor con idea, estudiante, empresario, inversionista e<br \/>\ninnovador.<\/p>\n<p>La<br \/>\nSNE contar\u00e1 con 10 ecosistemas tem\u00e1ticos a trav\u00e9s de los cuales los asistentes<br \/>\naprender\u00e1n c\u00f3mo incorporar nuevas tecnolog\u00edas a sus procesos, tendr\u00e1n la<br \/>\noportunidad de diversificar sus productos a trav\u00e9s de la vinculaci\u00f3n con<br \/>\nactores clave del ecosistema emprendedor, podr\u00e1n conocer y desarrollar<br \/>\nherramientas para generar proyectos de alto impacto, recibir\u00e1n asesor\u00eda y<br \/>\ncapacitaci\u00f3n para desarrollar su modelo de negocio.<\/p>\n<p>Asimismo,<br \/>\nlos participantes tendr\u00e1n acceso a nuevas alternativas de financiamiento, como:<br \/>\nintermediarios financieros no bancarios, fondos de capital y \u00e1ngeles inversionistas;<br \/>\npodr\u00e1n relacionarse con aliados internacionales y empresas que incorporan<br \/>\ntecnolog\u00eda en sus servicios contables o financieros, como la nueva industria<br \/>\nFinTech.<\/p><\/p>\n","protected":false},"excerpt":{"rendered":"<p>La Semana Nacional del Emprendedor, que se realizar\u00e1 en el Centro Citibanamex, a realiza del 10 al 14 de septiembre&#8230;<\/p>\n","protected":false},"author":1018,"featured_media":0,"comment_status":"open","ping_status":"open","sticky":false,"template":"","format":"standard","meta":{"tdm_status":"","tdm_grid_status":"","footnotes":""},"categories":[27],"tags":[],"_links":{"self":[{"href":"https:\/\/dralvarez.com.mx\/larevista\/wp-json\/wp\/v2\/posts\/69149"}],"collection":[{"href":"https:\/\/dralvarez.com.mx\/larevista\/wp-json\/wp\/v2\/posts"}],"about":[{"href":"https:\/\/dralvarez.com.mx\/larevista\/wp-json\/wp\/v2\/types\/post"}],"author":[{"embeddable":true,"href":"https:\/\/dralvarez.com.mx\/larevista\/wp-json\/wp\/v2\/users\/1018"}],"replies":[{"embeddable":true,"href":"https:\/\/dralvarez.com.mx\/larevista\/wp-json\/wp\/v2\/comments?post=69149"}],"version-history":[{"count":0,"href":"https:\/\/dralvarez.com.mx\/larevista\/wp-json\/wp\/v2\/posts\/69149\/revisions"}],"wp:attachment":[{"href":"https:\/\/dralvarez.com.mx\/larevista\/wp-json\/wp\/v2\/media?parent=69149"}],"wp:term":[{"taxonomy":"category","embeddable":true,"href":"https:\/\/dralvarez.com.mx\/larevista\/wp-json\/wp\/v2\/categories?post=69149"},{"taxonomy":"post_tag","embeddable":true,"href":"https:\/\/dralvarez.com.mx\/larevista\/wp-json\/wp\/v2\/tags?post=69149"}],"curies":[{"name":"wp","href":"https:\/\/api.w.org\/{rel}","templated":true}]}}