{"id":69147,"date":"2018-09-10T00:00:00","date_gmt":"2018-09-10T06:00:00","guid":{"rendered":"https:\/\/dralvarez.com.mx\/larevista\/blog\/respalda-el-gobierno-de-moreno-cardenas-la-construccion-del-tren-maya-29217"},"modified":"2018-09-10T00:00:00","modified_gmt":"2018-09-10T06:00:00","slug":"respalda-el-gobierno-de-moreno-cardenas-la-construccion-del-tren-maya-29217","status":"publish","type":"post","link":"https:\/\/dralvarez.com.mx\/larevista\/compeche\/respalda-el-gobierno-de-moreno-cardenas-la-construccion-del-tren-maya-29217","title":{"rendered":"Respalda el gobierno de moreno c\u00e1rdenas la construcci\u00f3n del tren maya"},"content":{"rendered":"<\/p>\n<p><b>PALENQUE<\/b>, Chiapas-. La construcci\u00f3n del Tren<br \/>\nMaya ser\u00e1 un parteaguas para la integraci\u00f3n de la pen\u00ednsula y abrir\u00e1 una gran<br \/>\noportunidad para que la regi\u00f3n Sur-Sureste impulse su crecimiento tur\u00edstico,<br \/>\ncomercial e industrial, afirm\u00f3 el gobernador Alejandro Moreno C\u00e1rdenas durante una<br \/>\nreuni\u00f3n de trabajo con el presidente electo Andr\u00e9s Manuel L\u00f3pez Obrador, donde<br \/>\nratific\u00f3 el respaldo de su gobierno al proyecto considerado como prioritario y<br \/>\nestrat\u00e9gico para el desarrollo del pa\u00eds.<\/p>\n<p>Moreno C\u00e1rdenas particip\u00f3 en este<br \/>\nencuentro junto con sus hom\u00f3logos en funciones y electos de Chiapas, Manuel<br \/>\nVelasco Coello y Rutilio Escand\u00f3n Cadenas; de Tabasco, Arturo N\u00fa\u00f1ez Jim\u00e9nez y<br \/>\nAd\u00e1n Augusto L\u00f3pez, respectivamente, as\u00ed como el de Quintana Roo, Carlos Joaqu\u00edn<br \/>\nGonz\u00e1lez.<\/p>\n<p>Luego de que Rogelio Jim\u00e9nez Pons,<br \/>\nquien ha sido designado como el futuro director general del Fonatur, presentara<br \/>\nel proyecto del Tren Maya a detalle, el mandatario campechano ratific\u00f3 el<br \/>\nrespaldo a la obra, pues de forma paralela a las zonas econ\u00f3micas especiales de<br \/>\nCampeche y Tabasco contribuir\u00e1 a detonar el potencial productivo de la zona.<\/p>\n<p>\u201cCreo que es un gran proyecto que llega en tiempo, en<br \/>\nforma y en momento, por lo que habremos de asumir nuestro compromiso y<br \/>\nresponsabilidad para que podamos iniciar a partir del 1 de diciembre, pues la<br \/>\ngente lo ve con muy buenos ojos, cree mucho en este proyecto y nosotros lo<br \/>\nvamos a respaldar decididamente\u201d, enfatiz\u00f3 al reafirmar la determinaci\u00f3n de las<br \/>\nautoridades gubernamentales de las cinco entidades de apoyar en los temas de<br \/>\nderechos de v\u00eda e impacto ambiental que se requieran para avanzar con firmeza en<br \/>\nla ejecuci\u00f3n.<\/p>\n<p>Por su parte, L\u00f3pez Obrador expuso que<br \/>\ndurante la reuni\u00f3n se intercambiaron puntos de vista sobre la creaci\u00f3n del<br \/>\ntren, el cual calific\u00f3 como un acontecimiento debido a que asegurar\u00e1 la<br \/>\ncomunicaci\u00f3n con esta importante regi\u00f3n del pa\u00eds, y aprovechar\u00e1 toda su riqueza<br \/>\ncultural, arqueol\u00f3gica y natural para enfrentar la paradoja de que en el<br \/>\nsureste las entidades son ricas, pero existen pueblos pobres.<\/p>\n<p>El presidente electo reconoci\u00f3 el<br \/>\nrespaldo que han dado los gobernadores para impulsar el proyecto estrat\u00e9gico y<br \/>\nprioritario para el desarrollo del pa\u00eds, y asegur\u00f3 que no se trata de una<br \/>\npropuesta del gobierno federal ni de los gobiernos estatales, sino de la naci\u00f3n<br \/>\nporque involucra tambi\u00e9n a los ciudadanos.<\/p>\n<p>Durante la reuni\u00f3n estuvieron presentes quienes<br \/>\nser\u00e1n el secretario de Comunicaciones y Transportes, Javier Jim\u00e9nez Espri\u00fa, y<br \/>\nel director de la CFE, Manuel Bartlett.<\/p><\/p>\n","protected":false},"excerpt":{"rendered":"<p>Moreno C\u00e1rdenas particip\u00f3 en este encuentro junto con sus hom\u00f3logos en funciones y electos de Chiapas&#8230;<\/p>\n","protected":false},"author":1018,"featured_media":0,"comment_status":"open","ping_status":"open","sticky":false,"template":"","format":"standard","meta":{"tdm_status":"","tdm_grid_status":"","footnotes":""},"categories":[27],"tags":[],"_links":{"self":[{"href":"https:\/\/dralvarez.com.mx\/larevista\/wp-json\/wp\/v2\/posts\/69147"}],"collection":[{"href":"https:\/\/dralvarez.com.mx\/larevista\/wp-json\/wp\/v2\/posts"}],"about":[{"href":"https:\/\/dralvarez.com.mx\/larevista\/wp-json\/wp\/v2\/types\/post"}],"author":[{"embeddable":true,"href":"https:\/\/dralvarez.com.mx\/larevista\/wp-json\/wp\/v2\/users\/1018"}],"replies":[{"embeddable":true,"href":"https:\/\/dralvarez.com.mx\/larevista\/wp-json\/wp\/v2\/comments?post=69147"}],"version-history":[{"count":0,"href":"https:\/\/dralvarez.com.mx\/larevista\/wp-json\/wp\/v2\/posts\/69147\/revisions"}],"wp:attachment":[{"href":"https:\/\/dralvarez.com.mx\/larevista\/wp-json\/wp\/v2\/media?parent=69147"}],"wp:term":[{"taxonomy":"category","embeddable":true,"href":"https:\/\/dralvarez.com.mx\/larevista\/wp-json\/wp\/v2\/categories?post=69147"},{"taxonomy":"post_tag","embeddable":true,"href":"https:\/\/dralvarez.com.mx\/larevista\/wp-json\/wp\/v2\/tags?post=69147"}],"curies":[{"name":"wp","href":"https:\/\/api.w.org\/{rel}","templated":true}]}}