{"id":69145,"date":"2018-09-10T00:00:00","date_gmt":"2018-09-10T06:00:00","guid":{"rendered":"https:\/\/dralvarez.com.mx\/larevista\/blog\/mas-de-500-participantes-en-la-carrera-todo-mexico-salvando-vidas-29215"},"modified":"2018-09-10T00:00:00","modified_gmt":"2018-09-10T06:00:00","slug":"mas-de-500-participantes-en-la-carrera-todo-mexico-salvando-vidas-29215","status":"publish","type":"post","link":"https:\/\/dralvarez.com.mx\/larevista\/compeche\/mas-de-500-participantes-en-la-carrera-todo-mexico-salvando-vidas-29215","title":{"rendered":"M\u00e1s de 500 participantes en la carrera \u201ctodo M\u00e9xico salvando vidas\u201d"},"content":{"rendered":"<\/p>\n<p>El jefe de la Unidad de Comunicaci\u00f3n Social<br \/>\ndel Gobierno del Estado (UCS), Walter Olivera Valladares, particip\u00f3 en la segunda<br \/>\nedici\u00f3n de la carrera nacional de la Cruz Roja, \u201cTodo M\u00e9xico Salvando Vidas\u201d,<br \/>\nque se llev\u00f3 a cabo de manera simult\u00e1nea en todos los estados de la Rep\u00fablica, en<br \/>\nlas modalidades de 5km, 10km y caminata, y que en esta ciudad convoc\u00f3 a m\u00e1s de 500<br \/>\npersonas entre ni\u00f1os, j\u00f3venes y adultos.<\/p>\n<p>Tambi\u00e9n participaron, la presidenta del<br \/>\nPatronato del DIF Estatal, Christelle Casta\u00f1\u00f3n de Moreno; el secretario de Salud,<br \/>\nRafael Rodr\u00edguez Cabrera y el director del Instituto del Deporte de Campeche,<br \/>\nJorge Carlos Hurtado Vald\u00e9s, entre otras autoridades.<\/p>\n<p>Al concluir la carrera de 10km, el jefe<br \/>\nde UCS destac\u00f3 en entrevista la realizaci\u00f3n de esta actividad, pues no solo<br \/>\npermite recaudar fondos para la noble instituci\u00f3n, sino impulsa la convivencia<br \/>\ny el sano esparcimiento.<\/p>\n<p>Subray\u00f3 que<br \/>\nuna de las prioridades de la administraci\u00f3n que encabeza el gobernador<br \/>\nAlejandro Moreno C\u00e1rdenas es promover el deporte y las practicas que ayuden a<br \/>\nmejorar la salud.<\/p>\n<p>Los ganadores de la carrera de 5km en la<br \/>\ncategor\u00eda femenil fueron: primer lugar, Roc\u00edo Crisantos Garc\u00eda; segundo lugar,<br \/>\nMagdalena Casta\u00f1eda Montejo y tercer lugar, Lorena del Carmen Angulo Garc\u00eda;<br \/>\nmientras que en la categor\u00eda varonil el primer lugar correspondi\u00f3 a Josu\u00e9 Joel<br \/>\nChan Pech; segundo lugar, Cosme Lucero V\u00e1zquez y tercer lugar, Alexander D\u00edaz<br \/>\nTun.<\/p>\n<p>En la modalidad de 10 km, de la categor\u00eda<br \/>\nfemenil, lleg\u00f3 en primer lugar Fabiola Prego Soberanis; segundo, Guadalupe Liz\u00e1rraga<br \/>\nCastillo y tercero, Fabiola Alem\u00e1n Ortega; y en la categor\u00eda varonil, Crist\u00f3bal<br \/>\nAlonzo Kant\u00fan Brito, Omar Noguera Ortiz y Servando Arturo L\u00f3pez,<br \/>\nrespectivamente,<\/p>\n<p><\/p>\n","protected":false},"excerpt":{"rendered":"<p>El jefe de la Unidad de Comunicaci\u00f3n Social del Gobierno del Estado (UCS), Walter Olivera Valladares, particip\u00f3 en la segunda edici\u00f3n de la carrera na<\/p>\n","protected":false},"author":1018,"featured_media":0,"comment_status":"open","ping_status":"open","sticky":false,"template":"","format":"standard","meta":{"tdm_status":"","tdm_grid_status":"","footnotes":""},"categories":[27],"tags":[],"_links":{"self":[{"href":"https:\/\/dralvarez.com.mx\/larevista\/wp-json\/wp\/v2\/posts\/69145"}],"collection":[{"href":"https:\/\/dralvarez.com.mx\/larevista\/wp-json\/wp\/v2\/posts"}],"about":[{"href":"https:\/\/dralvarez.com.mx\/larevista\/wp-json\/wp\/v2\/types\/post"}],"author":[{"embeddable":true,"href":"https:\/\/dralvarez.com.mx\/larevista\/wp-json\/wp\/v2\/users\/1018"}],"replies":[{"embeddable":true,"href":"https:\/\/dralvarez.com.mx\/larevista\/wp-json\/wp\/v2\/comments?post=69145"}],"version-history":[{"count":0,"href":"https:\/\/dralvarez.com.mx\/larevista\/wp-json\/wp\/v2\/posts\/69145\/revisions"}],"wp:attachment":[{"href":"https:\/\/dralvarez.com.mx\/larevista\/wp-json\/wp\/v2\/media?parent=69145"}],"wp:term":[{"taxonomy":"category","embeddable":true,"href":"https:\/\/dralvarez.com.mx\/larevista\/wp-json\/wp\/v2\/categories?post=69145"},{"taxonomy":"post_tag","embeddable":true,"href":"https:\/\/dralvarez.com.mx\/larevista\/wp-json\/wp\/v2\/tags?post=69145"}],"curies":[{"name":"wp","href":"https:\/\/api.w.org\/{rel}","templated":true}]}}