{"id":69144,"date":"2018-09-10T00:00:00","date_gmt":"2018-09-10T06:00:00","guid":{"rendered":"https:\/\/dralvarez.com.mx\/larevista\/blog\/christelle-castanon-de-moreno-encabezo-la-segunda-carrera-todo-mexico-salvando-vidas-2018-29214"},"modified":"2018-09-10T00:00:00","modified_gmt":"2018-09-10T06:00:00","slug":"christelle-castanon-de-moreno-encabezo-la-segunda-carrera-todo-mexico-salvando-vidas-2018-29214","status":"publish","type":"post","link":"https:\/\/dralvarez.com.mx\/larevista\/compeche\/christelle-castanon-de-moreno-encabezo-la-segunda-carrera-todo-mexico-salvando-vidas-2018-29214","title":{"rendered":"Christelle Casta\u00f1\u00f3n De Moreno encabez\u00f3 la segunda  carrera \u201ctodo M\u00e9xico salvando vidas 2018\u201d"},"content":{"rendered":"<\/p>\n<p>La Presidenta<br \/>\nHonoraria de la Cruz Roja y del Patronato del DIF Estatal, Christelle Casta\u00f1\u00f3n<br \/>\nde Moreno, encabez\u00f3 la segunda carrera \u201cTodo M\u00e9xico Salvando Vidas 2018\u201d que<br \/>\ncont\u00f3 con el apoyo de la Comisi\u00f3n Nacional de Cultura F\u00edsica y Deporte (CONADE)<br \/>\ny donde participaron m\u00e1s de mil personas, en un acto de convivencia<br \/>\ndeportivo-familiar y finalmente, se premiaron las diferentes categor\u00edas.<\/p>\n<p>En el<br \/>\narranque de salida, que fue en la calle 16 de septiembre a la altura de la<br \/>\nPlaza de la Rep\u00fablica, Casta\u00f1\u00f3n de Moreno estuvo acompa\u00f1ada por el Delegado de<br \/>\nla Cruz Roja Campeche, Alejandro Azar P\u00e9rez, as\u00ed como por servidores p\u00fablicos,<br \/>\nfamiliares y amigos, que hicieron el recorrido por las principales calles de la<br \/>\nciudad hasta incorporarse a la Avenida 16 de septiembre considerada la meta y<br \/>\ndonde se realiz\u00f3 la premiaci\u00f3n.<\/p>\n<p>La carrera<br \/>\nque se llev\u00f3 a cabo a nivel nacional, se realiz\u00f3 de manera simult\u00e1nea en todo<br \/>\nel pa\u00eds, y en lo que respecta a la ciudad de San Francisco de Campeche,<br \/>\nparticipar\u00e1n desde ni\u00f1os hasta personas adultas mayores, que pudieron correr<br \/>\ndistancias entre 10 kil\u00f3metros y realizar la caminata de tres kil\u00f3metros.<\/p>\n<p>El objetivo<br \/>\nde la carrera fue lograr inculcar en la sociedad mexicana, la cultura del<br \/>\ncuidado de la salud a trav\u00e9s del deporte, l\u00ednea de acci\u00f3n que se encuentra<br \/>\ndentro del plan estrat\u00e9gico 2016-2020 y que demanda procurar estilos de vida<br \/>\nsaludables.<\/p><\/p>\n","protected":false},"excerpt":{"rendered":"<p>La Presidenta Honoraria de la Cruz Roja y del Patronato del DIF Estatal, Christelle Casta\u00f1\u00f3n de Moreno, encabez\u00f3 la segunda carrera \u201cTodo M\u00e9xico Salva<\/p>\n","protected":false},"author":1018,"featured_media":0,"comment_status":"open","ping_status":"open","sticky":false,"template":"","format":"standard","meta":{"tdm_status":"","tdm_grid_status":"","footnotes":""},"categories":[27],"tags":[],"_links":{"self":[{"href":"https:\/\/dralvarez.com.mx\/larevista\/wp-json\/wp\/v2\/posts\/69144"}],"collection":[{"href":"https:\/\/dralvarez.com.mx\/larevista\/wp-json\/wp\/v2\/posts"}],"about":[{"href":"https:\/\/dralvarez.com.mx\/larevista\/wp-json\/wp\/v2\/types\/post"}],"author":[{"embeddable":true,"href":"https:\/\/dralvarez.com.mx\/larevista\/wp-json\/wp\/v2\/users\/1018"}],"replies":[{"embeddable":true,"href":"https:\/\/dralvarez.com.mx\/larevista\/wp-json\/wp\/v2\/comments?post=69144"}],"version-history":[{"count":0,"href":"https:\/\/dralvarez.com.mx\/larevista\/wp-json\/wp\/v2\/posts\/69144\/revisions"}],"wp:attachment":[{"href":"https:\/\/dralvarez.com.mx\/larevista\/wp-json\/wp\/v2\/media?parent=69144"}],"wp:term":[{"taxonomy":"category","embeddable":true,"href":"https:\/\/dralvarez.com.mx\/larevista\/wp-json\/wp\/v2\/categories?post=69144"},{"taxonomy":"post_tag","embeddable":true,"href":"https:\/\/dralvarez.com.mx\/larevista\/wp-json\/wp\/v2\/tags?post=69144"}],"curies":[{"name":"wp","href":"https:\/\/api.w.org\/{rel}","templated":true}]}}