{"id":69143,"date":"2018-09-10T00:00:00","date_gmt":"2018-09-10T06:00:00","guid":{"rendered":"https:\/\/dralvarez.com.mx\/larevista\/blog\/encabeza-christelle-castanon-de-moreno-la-xviii-edicion-de-la-magna-vaqueria-peninsular-29213"},"modified":"2018-09-10T00:00:00","modified_gmt":"2018-09-10T06:00:00","slug":"encabeza-christelle-castanon-de-moreno-la-xviii-edicion-de-la-magna-vaqueria-peninsular-29213","status":"publish","type":"post","link":"https:\/\/dralvarez.com.mx\/larevista\/compeche\/encabeza-christelle-castanon-de-moreno-la-xviii-edicion-de-la-magna-vaqueria-peninsular-29213","title":{"rendered":"Encabeza Christelle Casta\u00f1\u00f3n de Moreno la xviii edici\u00f3n de la magna vaquer\u00eda peninsular"},"content":{"rendered":"<\/p>\n<p>La<br \/>\nciudad amurallada, capital del Estado y su Plaza de la Rep\u00fablica fueron el  escenario para la XVIII edici\u00f3n de la Magna<br \/>\nVaquer\u00eda Peninsular, espacio en que se hizo entrega de la Declaratoria de<br \/>\nInscripci\u00f3n al Patrimonio Cultural del Estado a \u201cLa Fiesta de la Vaquer\u00eda,<br \/>\nExpresi\u00f3n Popular de Mestizaje\u201d.<\/p>\n<p>La<br \/>\nPresidenta del Patronato del DIF Estatal, Christelle Casta\u00f1\u00f3n de Moreno, fue la<br \/>\nencargada de engalanar el evento y entregar en compa\u00f1\u00eda de Delio Carrillo<br \/>\nP\u00e9rez, titular de la Secretar\u00eda de Cultura (SECULT), los pergaminos de<br \/>\ninscripci\u00f3n a los alcaldes de los municipios de Calkin\u00ed, Campeche, Hecelchak\u00e1n,<br \/>\nHopelch\u00e9n y Tenabo, para magnificar esta expresi\u00f3n intangible, que se enmarca<br \/>\ncomo una tradici\u00f3n relevante dentro de los usos y costumbres del pueblo<br \/>\ncampechano, para de esta forma proteger y preservar su transmisi\u00f3n a las<br \/>\ngeneraciones futuras.<\/p>\n<p>Es<br \/>\nen las comunidades de estos cinco municipios donde tradicionalmente se lleva a<br \/>\ncabo esta celebraci\u00f3n ancestral, con motivo de las festividades patronales.<br \/>\nEsta fiesta del pueblo tiene un gran alcance en la regi\u00f3n sureste de M\u00e9xico<br \/>\ngracias a su sincretismo cultural, de origen popular, en que las personas<br \/>\ndesfilan danzando piezas tradicionales como \u201cLa cabeza de cochino\u201d, que da paso<br \/>\na horas de baile en que la mujer funge como protagonista del festejo a un ritmo<br \/>\nde seis por ocho y tres por cuatro brindado por las sonideras charangas<br \/>\npeninsulares.<\/p>\n<p>La<br \/>\nvaquer\u00eda como Patrimonio Cultural de Campeche es un logro, fruto de la gesti\u00f3n<br \/>\ntanto de las instituciones gubernamentales como de la sociedad civil, que desde<br \/>\nel inicio de la actual administraci\u00f3n estatal encabezada por Alejandro Moreno<br \/>\nC\u00e1rdenas, se dieron a la labor de enaltecer las festividades que dan orgullo<br \/>\nidentitario a nuestro Estado a nivel nacional e internacional como parte de la<br \/>\nagenda permanente de acciones.<\/p>\n<p>Es<br \/>\nas\u00ed como \u201cLa Vaquer\u00eda\u201d forma parte de la cultura regional y es muestra de la<br \/>\ninfluencia maya-colonial, misma que concentra una expresi\u00f3n del mestizaje<br \/>\ncampechano, una tradici\u00f3n hist\u00f3rica que se mantiene viva y muestra un futuro de<br \/>\npermanencia gracias a la pr\u00e1ctica en las festividades t\u00edpicas. Esta fiesta a la<br \/>\nque cientos de campechanos y turistas se dieron cita, dio muestra del color de<br \/>\nCampeche, festejo que re\u00fane, exalta y externa elementos de lo mejor de la<br \/>\ncultura regional.<\/p><\/p>\n","protected":false},"excerpt":{"rendered":"<p>Ante cientos de danzantes se enaltece una de las expresiones culturales m\u00e1s destacadas de Campeche&#8230;<\/p>\n","protected":false},"author":1018,"featured_media":0,"comment_status":"open","ping_status":"open","sticky":false,"template":"","format":"standard","meta":{"tdm_status":"","tdm_grid_status":"","footnotes":""},"categories":[27],"tags":[],"_links":{"self":[{"href":"https:\/\/dralvarez.com.mx\/larevista\/wp-json\/wp\/v2\/posts\/69143"}],"collection":[{"href":"https:\/\/dralvarez.com.mx\/larevista\/wp-json\/wp\/v2\/posts"}],"about":[{"href":"https:\/\/dralvarez.com.mx\/larevista\/wp-json\/wp\/v2\/types\/post"}],"author":[{"embeddable":true,"href":"https:\/\/dralvarez.com.mx\/larevista\/wp-json\/wp\/v2\/users\/1018"}],"replies":[{"embeddable":true,"href":"https:\/\/dralvarez.com.mx\/larevista\/wp-json\/wp\/v2\/comments?post=69143"}],"version-history":[{"count":0,"href":"https:\/\/dralvarez.com.mx\/larevista\/wp-json\/wp\/v2\/posts\/69143\/revisions"}],"wp:attachment":[{"href":"https:\/\/dralvarez.com.mx\/larevista\/wp-json\/wp\/v2\/media?parent=69143"}],"wp:term":[{"taxonomy":"category","embeddable":true,"href":"https:\/\/dralvarez.com.mx\/larevista\/wp-json\/wp\/v2\/categories?post=69143"},{"taxonomy":"post_tag","embeddable":true,"href":"https:\/\/dralvarez.com.mx\/larevista\/wp-json\/wp\/v2\/tags?post=69143"}],"curies":[{"name":"wp","href":"https:\/\/api.w.org\/{rel}","templated":true}]}}