{"id":69094,"date":"2018-09-07T00:00:00","date_gmt":"2018-09-07T06:00:00","guid":{"rendered":"https:\/\/dralvarez.com.mx\/larevista\/blog\/inicia-revitalizacion-del-centro-de-san-roman-29164"},"modified":"2018-09-07T00:00:00","modified_gmt":"2018-09-07T06:00:00","slug":"inicia-revitalizacion-del-centro-de-san-roman-29164","status":"publish","type":"post","link":"https:\/\/dralvarez.com.mx\/larevista\/compeche\/inicia-revitalizacion-del-centro-de-san-roman-29164","title":{"rendered":"Inicia revitalizaci\u00f3n del centro de San Rom\u00e1n"},"content":{"rendered":"<p>La Secretar\u00eda de Desarrollo Urbano, Obras P\u00fablicas e Infraestructura del Gobierno del Estado (SEDUOPI) suspender\u00e1 a partir del 10 de septiembre el uso del estacionamiento que se encuentra en el Centro C\u00edvico \u201cH\u00e9ctor P\u00e9rez Mart\u00ednez\u201d, como parte de la revitalizaci\u00f3n urbana en el centro del barrio de San Rom\u00e1n.<\/p>\n<p>El subsecretario de Desarrollo Urbano y Planeaci\u00f3n de la SEDUOPI, \u00c1lvaro Buenfil Berm\u00fadez; explic\u00f3 que el pasado 27 de agosto iniciaron los trabajos de la obra de rehabilitaci\u00f3n del Parque de los Poetas y explanada del monumento \u201cH\u00e9ctor P\u00e9rez Mart\u00ednez\u201d.<\/p>\n<p>Este fin de semana iniciar\u00e1n con la obra de rehabilitaci\u00f3n del estacionamiento de este espacio, mejor conocido como Concha Ac\u00fastica, que incluye la construcci\u00f3n del paradero de transporte p\u00fablico sobre el Circuito Baluartes, alumbrado p\u00fablico y la instalaci\u00f3n de sistema de riego, por lo que el \u00e1rea para aparcar permanecer\u00e1 cerrada al p\u00fablico.<\/p>\n<p>Posteriormente, se realizar\u00e1 el suministro e instalaci\u00f3n de mobiliario urbano, juegos infantiles y ejercitadores.<\/p>\n<p>Son tres obras que forman parte de los trabajos de revitalizaci\u00f3n urbana del barrio de San Rom\u00e1n, en las que se erogar\u00e1n en total 17 millones 342 mil 578 pesos. Las dos primeras obras, se espera concluyan a principios del mes de diciembre de este a\u00f1o.<\/p>\n","protected":false},"excerpt":{"rendered":"<p>Se realizar\u00e1 el suministro e instalaci\u00f3n de mobiliario urbano, juegos infantiles y ejercitadores<\/p>\n","protected":false},"author":1018,"featured_media":0,"comment_status":"open","ping_status":"open","sticky":false,"template":"","format":"standard","meta":{"tdm_status":"","tdm_grid_status":"","footnotes":""},"categories":[27],"tags":[],"_links":{"self":[{"href":"https:\/\/dralvarez.com.mx\/larevista\/wp-json\/wp\/v2\/posts\/69094"}],"collection":[{"href":"https:\/\/dralvarez.com.mx\/larevista\/wp-json\/wp\/v2\/posts"}],"about":[{"href":"https:\/\/dralvarez.com.mx\/larevista\/wp-json\/wp\/v2\/types\/post"}],"author":[{"embeddable":true,"href":"https:\/\/dralvarez.com.mx\/larevista\/wp-json\/wp\/v2\/users\/1018"}],"replies":[{"embeddable":true,"href":"https:\/\/dralvarez.com.mx\/larevista\/wp-json\/wp\/v2\/comments?post=69094"}],"version-history":[{"count":0,"href":"https:\/\/dralvarez.com.mx\/larevista\/wp-json\/wp\/v2\/posts\/69094\/revisions"}],"wp:attachment":[{"href":"https:\/\/dralvarez.com.mx\/larevista\/wp-json\/wp\/v2\/media?parent=69094"}],"wp:term":[{"taxonomy":"category","embeddable":true,"href":"https:\/\/dralvarez.com.mx\/larevista\/wp-json\/wp\/v2\/categories?post=69094"},{"taxonomy":"post_tag","embeddable":true,"href":"https:\/\/dralvarez.com.mx\/larevista\/wp-json\/wp\/v2\/tags?post=69094"}],"curies":[{"name":"wp","href":"https:\/\/api.w.org\/{rel}","templated":true}]}}