{"id":69092,"date":"2018-09-07T00:00:00","date_gmt":"2018-09-07T06:00:00","guid":{"rendered":"https:\/\/dralvarez.com.mx\/larevista\/blog\/aysa-gonzalez-inaugura-foro-para-promover-participacion-de-organizaciones-civiles-29162"},"modified":"2018-09-07T00:00:00","modified_gmt":"2018-09-07T06:00:00","slug":"aysa-gonzalez-inaugura-foro-para-promover-participacion-de-organizaciones-civiles-29162","status":"publish","type":"post","link":"https:\/\/dralvarez.com.mx\/larevista\/compeche\/aysa-gonzalez-inaugura-foro-para-promover-participacion-de-organizaciones-civiles-29162","title":{"rendered":"Aysa Gonz\u00e1lez inaugura foro para promover participaci\u00f3n de organizaciones civiles"},"content":{"rendered":"<p>En representaci\u00f3n del gobernador Alejandro Moreno C\u00e1rdenas, el secretario general de Gobierno, Carlos Miguel Aysa Gonz\u00e1lez, inaugur\u00f3 el Primer Foro para el Fomento y la Participaci\u00f3n de las Organizaciones de la Sociedad Civil en el Estado de Campeche, con el objetivo de establecer una mesa permanente de di\u00e1logo y acuerdo que fortalezca la interlocuci\u00f3n entre la ciudadan\u00eda y las autoridades en temas sobre pol\u00edticas p\u00fablicas, legislativos y los que resulten de inter\u00e9s social.<\/p>\n<p>Al hacer uso de la palabra ante m\u00e1s de 300 representantes de ONG\u2019s, Aysa Gonz\u00e1lez expres\u00f3 su reconocimiento al Poder Legislativo por organizar este foro de consulta porque demuestra seriedad pol\u00edtica y altura de su compromiso con la sociedad, y a las agrupaciones ciudadanas por ser veh\u00edculos de participaci\u00f3n y encauzar propuestas importantes para los campechanos.<\/p>\n<p>\u201cCampeche es tierra de buenos ciudadanos con vigor c\u00edvico, que privilegian el entendimiento y la construcci\u00f3n de alianzas de trabajo\u201d, se\u00f1al\u00f3 el funcionario al tiempo que hizo \u00e9nfasis en la necesidad de colaborar en equipo para distribuir las tareas y multiplicar los resultados.<\/p>\n<p>Enfatiz\u00f3 que los ciudadanos \u201cya no toleran intereses ajenos, alejados de las causas sociales, de la transparencia, rendici\u00f3n de cuentas y buenos resultados\u201d.<\/p>\n<p>Recalc\u00f3 que el gobierno que encabeza Moreno C\u00e1rdenas cree en el trabajo en equipo y en la necesidad de evitar la simulaci\u00f3n, pero tambi\u00e9n en la efectividad del esfuerzo conjunto para buscar el crecimiento de Campeche, por lo que est\u00e1 comprometido en promover la participaci\u00f3n de la sociedad, pues de lo que se trata es construir cosas buenas para el estado.<\/p>\n<p>En su oportunidad, la presidenta de la Junta de Gobierno y Administraci\u00f3n del Congreso del Estado, Laura Baqueiro Ramos, explic\u00f3 que el foro se celebra ante la solicitud que hizo el gobernador del estado durante un encuentro con organismos no gubernamentales el pasado mes de junio, para que tambi\u00e9n se sumen al an\u00e1lisis y discusi\u00f3n del proyecto de iniciativa de ley que impuls\u00f3 el Poder Legislativo en materia de fomento y participaci\u00f3n de asociaciones civiles.<\/p>\n<p>Igualmente, expuso que el foro se circunscribe en la agenda conjunta que los diputados de la LXII Legislatura propusieron en materia de participaci\u00f3n social.<\/p>\n<p>Agreg\u00f3 que ante el inter\u00e9s de que ese espacio se convierta en una ruta de entendimiento y acuerdo en temas de mejoramiento de pol\u00edticas p\u00fablicas, fortalecimiento de la visi\u00f3n de gobierno en temas que interesen a la sociedad, impulso de las causas sociales a trav\u00e9s de esfuerzos compartidos y propuestas al marco jur\u00eddico del estado, entre otros, <br \/>la actual legislatura expedir\u00e1 un acuerdo para que el encuentro se desarrolle anualmente. <\/p>\n<p>\u201cEste es un foro para ustedes, para que participen de viva voz con sus experiencias, para ser escuchados con sus propuestas en pol\u00edticas p\u00fablicas y con sus comentarios al marco legal en la materia\u201d, puntualiz\u00f3.<\/p>\n<p>Por su parte, el presidente de Observatorio Ciudadano en el Estado de Campeche, Juan Antonio V\u00e1zquez Garc\u00eda, agreg\u00f3 que los ciudadanos est\u00e1n convencidos de que la participaci\u00f3n social coadyuva a la construcci\u00f3n de un Campeche mejor, por lo que es necesario establecer una f\u00f3rmula entre sociedad y gobierno que permita tener las herramientas jur\u00eddicas necesarias para apoyar siempre a los m\u00e1s necesitados.<br \/>\u201cNo hay fuerza m\u00e1s poderosa que la voluntad, hoy Campeche tiene un gobierno con mucha voluntad de trabajar, por lo que la sociedad civil tiene que sumarse desde distintas trincheras para lograr el Campeche que todos queremos\u201d, finaliz\u00f3.<br \/>Durante este foro, donde participaron representantes de organizaciones civiles de salud, ambientalistas, culturales, educativas, deportivas y empresariales, se impartieron conferencias magistrales sobre la Ley de Fomento y Participaci\u00f3n de las Organizaciones de la Sociedad Civil, y Responsabilidades Fiscales de las ONG\u2019s.<\/p>\n<p>Entre las autoridades presentes, estuvieron los coordinadores de diversos grupos parlamentarios del Congreso Local; el director general de la Fundaci\u00f3n de Empresariado Yucateco, A.C, Ra\u00fal Jos\u00e9 L\u00f3pez Osorio, y los presidentes de la Cotaipec, J\u00f3se Echeverr\u00eda Trejo, y de la Codhecam, Juan Antonio Renedo Dorantes.<\/p>\n","protected":false},"excerpt":{"rendered":"<p>\u201cCampeche es tierra de buenos ciudadanos con vigor c\u00edvico, que privilegian el entendimiento y la construcci\u00f3n de alianzas de trabajo\u201d&#8230;<\/p>\n","protected":false},"author":1018,"featured_media":0,"comment_status":"open","ping_status":"open","sticky":false,"template":"","format":"standard","meta":{"tdm_status":"","tdm_grid_status":"","footnotes":""},"categories":[27],"tags":[],"_links":{"self":[{"href":"https:\/\/dralvarez.com.mx\/larevista\/wp-json\/wp\/v2\/posts\/69092"}],"collection":[{"href":"https:\/\/dralvarez.com.mx\/larevista\/wp-json\/wp\/v2\/posts"}],"about":[{"href":"https:\/\/dralvarez.com.mx\/larevista\/wp-json\/wp\/v2\/types\/post"}],"author":[{"embeddable":true,"href":"https:\/\/dralvarez.com.mx\/larevista\/wp-json\/wp\/v2\/users\/1018"}],"replies":[{"embeddable":true,"href":"https:\/\/dralvarez.com.mx\/larevista\/wp-json\/wp\/v2\/comments?post=69092"}],"version-history":[{"count":0,"href":"https:\/\/dralvarez.com.mx\/larevista\/wp-json\/wp\/v2\/posts\/69092\/revisions"}],"wp:attachment":[{"href":"https:\/\/dralvarez.com.mx\/larevista\/wp-json\/wp\/v2\/media?parent=69092"}],"wp:term":[{"taxonomy":"category","embeddable":true,"href":"https:\/\/dralvarez.com.mx\/larevista\/wp-json\/wp\/v2\/categories?post=69092"},{"taxonomy":"post_tag","embeddable":true,"href":"https:\/\/dralvarez.com.mx\/larevista\/wp-json\/wp\/v2\/tags?post=69092"}],"curies":[{"name":"wp","href":"https:\/\/api.w.org\/{rel}","templated":true}]}}