{"id":69086,"date":"2018-09-07T00:00:00","date_gmt":"2018-09-07T06:00:00","guid":{"rendered":"https:\/\/dralvarez.com.mx\/larevista\/blog\/dif-estatal-promueve-la-prevencion-con-la-conferencia-la-fiesta-del-siglo-29156"},"modified":"2018-09-07T00:00:00","modified_gmt":"2018-09-07T06:00:00","slug":"dif-estatal-promueve-la-prevencion-con-la-conferencia-la-fiesta-del-siglo-29156","status":"publish","type":"post","link":"https:\/\/dralvarez.com.mx\/larevista\/compeche\/dif-estatal-promueve-la-prevencion-con-la-conferencia-la-fiesta-del-siglo-29156","title":{"rendered":"DIF estatal promueve la prevenci\u00f3n con la conferencia: \u201cla fiesta del siglo\u201d"},"content":{"rendered":"<\/p>\n<p>La Presidenta del Patronato del DIF Estatal, Christelle Casta\u00f1\u00f3n de Moreno, agradeci\u00f3 al ponente Rodolfo Tercero Fabre por su participaci\u00f3n con la conferencia \u201cLa Fiesta del Siglo\u201d en la que abord\u00f3 los temas de la fiesta y el abuso del alcohol, con el objetivo de prevenir situaciones de alto riesgo, abriendo un canal de comunicaci\u00f3n entre padres e hijos sobre situaciones adversas que pueden suceder en la fiestas.<\/p>\n<p>Casta\u00f1\u00f3n de Moreno, agradeci\u00f3 la disposici\u00f3n de llevar a cabo este tipo de actividades, a la Direcci\u00f3n de Desarrollo Familiar y Voluntariado del DIF Estatal que encabeza Sonia Castilla Trevi\u00f1o, a la Secretar\u00eda de Educaci\u00f3n (SEDUC) que dirige Ricardo Medina Farf\u00e1n y al Patronato del DIF Estatal que conjuntaron esfuerzos para esta actividad.<\/p>\n<p>&nbsp;\u201cAgradezco a la Secretar\u00eda de Educaci\u00f3n y al Patronato del Sistema Estatal DIF, as\u00ed como a las instituciones y personas que nos tendieron la mano y brindaron su colaboraci\u00f3n voluntaria para organizar este encuentro\u201d, dijo.<\/p>\n<p>Durante la conferencia, que se realiz\u00f3 en conocida disco de la ciudad, asisti\u00f3 la Directora General del SEDIF, Silvia Elena Parrao Arceo; directores de las diferentes \u00e1reas de la instituci\u00f3n y padres de familia.<\/p>\n<p>Por su parte, el Secretario de Educaci\u00f3n, Ricardo Medina Farf\u00e1n, se pronunci\u00f3 porque los padres se preparen para tomar las mejores decisiones, porque de ello depende el futuro de sus hijos, asimismo, llam\u00f3 a las instituciones, organismos y padres para unir esfuerzos y mejorar la calidad de vida de los hijos.<\/p>\n<p>El ponente es el creador y fundador de \u201cLa Fiesta del Siglo\u201d, se ha especializado en el tema, ha impartido m\u00e1s de 350 conferencias y desarrollado un equipo de colaboradores, conocedores y con experiencia en el tema y es miembro del Comit\u00e9 de Mercadotecnia de la Asociaci\u00f3n de Hoteles y Empresas Tur\u00edsticas de Acapulco, fundador y miembro de la campa\u00f1a Habla bien de Ac\u00e1.<\/p>\n<p>Cabe mencionar, que la conferencia \u201cLa Fiesta del Siglo\u201d, se imparti\u00f3 en tres secciones la primera estuvo dirigida a los estudiantes de secundaria, otra m\u00e1s a los alumnos de preparatoria y la tercera, a los padres de familia.<\/p><\/p>\n","protected":false},"excerpt":{"rendered":"<p>Durante la conferencia, que se realiz\u00f3 en conocida disco de la ciudad&#8230;<\/p>\n","protected":false},"author":1018,"featured_media":0,"comment_status":"open","ping_status":"open","sticky":false,"template":"","format":"standard","meta":{"tdm_status":"","tdm_grid_status":"","footnotes":""},"categories":[27],"tags":[],"_links":{"self":[{"href":"https:\/\/dralvarez.com.mx\/larevista\/wp-json\/wp\/v2\/posts\/69086"}],"collection":[{"href":"https:\/\/dralvarez.com.mx\/larevista\/wp-json\/wp\/v2\/posts"}],"about":[{"href":"https:\/\/dralvarez.com.mx\/larevista\/wp-json\/wp\/v2\/types\/post"}],"author":[{"embeddable":true,"href":"https:\/\/dralvarez.com.mx\/larevista\/wp-json\/wp\/v2\/users\/1018"}],"replies":[{"embeddable":true,"href":"https:\/\/dralvarez.com.mx\/larevista\/wp-json\/wp\/v2\/comments?post=69086"}],"version-history":[{"count":0,"href":"https:\/\/dralvarez.com.mx\/larevista\/wp-json\/wp\/v2\/posts\/69086\/revisions"}],"wp:attachment":[{"href":"https:\/\/dralvarez.com.mx\/larevista\/wp-json\/wp\/v2\/media?parent=69086"}],"wp:term":[{"taxonomy":"category","embeddable":true,"href":"https:\/\/dralvarez.com.mx\/larevista\/wp-json\/wp\/v2\/categories?post=69086"},{"taxonomy":"post_tag","embeddable":true,"href":"https:\/\/dralvarez.com.mx\/larevista\/wp-json\/wp\/v2\/tags?post=69086"}],"curies":[{"name":"wp","href":"https:\/\/api.w.org\/{rel}","templated":true}]}}