{"id":69084,"date":"2018-09-07T00:00:00","date_gmt":"2018-09-07T06:00:00","guid":{"rendered":"https:\/\/dralvarez.com.mx\/larevista\/blog\/gobernador-amc-plantea-fortalecer-servicios-de-salud-a-proximo-secretario-del-ramo-29154"},"modified":"2018-09-07T00:00:00","modified_gmt":"2018-09-07T06:00:00","slug":"gobernador-amc-plantea-fortalecer-servicios-de-salud-a-proximo-secretario-del-ramo-29154","status":"publish","type":"post","link":"https:\/\/dralvarez.com.mx\/larevista\/compeche\/gobernador-amc-plantea-fortalecer-servicios-de-salud-a-proximo-secretario-del-ramo-29154","title":{"rendered":"Gobernador AMC plantea fortalecer servicios de salud a pr\u00f3ximo secretario del ramo&#8230;"},"content":{"rendered":"<p><b>CIUDAD DE M\u00c9XICO.<\/b>&#8211; Mayores apoyos al sector salud de Campeche que permitan fortalecer la infraestructura hospitalaria y garantizar la atenci\u00f3n oportuna y de calidad, tanto en \u00e1reas urbanas como rurales, plante\u00f3 el gobernador Alejandro Moreno C\u00e1rdenas al pr\u00f3ximo secretario de Salud federal, Jorge Alcocer Varela.<\/p>\n<p>En reuni\u00f3n de trabajo, donde estuvo presente el titular de la Secretar\u00eda de Salud del estado, Rafael Rodr\u00edguez Cabrera y el delegado del ISSSTE, Carlos Cervera Rodr\u00edguez, el mandatario campechano expuso al doctor Alcocer Varela los programas que se han puesto en marcha en la entidad para eficientar los servicios m\u00e9dicos y ampliar la capacidad de atenci\u00f3n, as\u00ed como los proyectos que se requieren impulsar para elevar los niveles de bienestar de las familias, en especial de quienes menos recursos tienen.<\/p>\n<p>Moreno C\u00e1rdenas resalt\u00f3 algunos de los alcances obtenidos en los programas de vacunaci\u00f3n y prevenci\u00f3n, al igual que el incremento registrado en el n\u00famero de ambulancias equipadas con alta tecnolog\u00eda, mismas que fueron distribuidas en diversas unidades m\u00e9dicas del estado para asegurar los traslados de emergencia de quienes habitan en comunidades apartadas.<\/p>\n<p>El doctor Alcocer Varela, por su parte, se\u00f1al\u00f3 que el compromiso del pr\u00f3ximo gobierno federal es trabajar coordinadamente para integrar un sistema de salud universal, por lo que reconoci\u00f3 el inter\u00e9s del gobernador campechano de procurar la labor en equipo, ya que uniendo esfuerzos se asegurar\u00e1 que la poblaci\u00f3n cuente con la atenci\u00f3n de calidad que merece.<\/p>\n<p>A la reuni\u00f3n tambi\u00e9n asisti\u00f3 el director del Seguro Popular en Campeche, Daniel Barreda Puga.<\/p>\n","protected":false},"excerpt":{"rendered":"<p>Moreno C\u00e1rdenas resalt\u00f3 algunos de los alcances obtenidos en los programas de vacunaci\u00f3n y prevenci\u00f3n&#8230;<\/p>\n","protected":false},"author":1018,"featured_media":0,"comment_status":"open","ping_status":"open","sticky":false,"template":"","format":"standard","meta":{"tdm_status":"","tdm_grid_status":"","footnotes":""},"categories":[27],"tags":[],"_links":{"self":[{"href":"https:\/\/dralvarez.com.mx\/larevista\/wp-json\/wp\/v2\/posts\/69084"}],"collection":[{"href":"https:\/\/dralvarez.com.mx\/larevista\/wp-json\/wp\/v2\/posts"}],"about":[{"href":"https:\/\/dralvarez.com.mx\/larevista\/wp-json\/wp\/v2\/types\/post"}],"author":[{"embeddable":true,"href":"https:\/\/dralvarez.com.mx\/larevista\/wp-json\/wp\/v2\/users\/1018"}],"replies":[{"embeddable":true,"href":"https:\/\/dralvarez.com.mx\/larevista\/wp-json\/wp\/v2\/comments?post=69084"}],"version-history":[{"count":0,"href":"https:\/\/dralvarez.com.mx\/larevista\/wp-json\/wp\/v2\/posts\/69084\/revisions"}],"wp:attachment":[{"href":"https:\/\/dralvarez.com.mx\/larevista\/wp-json\/wp\/v2\/media?parent=69084"}],"wp:term":[{"taxonomy":"category","embeddable":true,"href":"https:\/\/dralvarez.com.mx\/larevista\/wp-json\/wp\/v2\/categories?post=69084"},{"taxonomy":"post_tag","embeddable":true,"href":"https:\/\/dralvarez.com.mx\/larevista\/wp-json\/wp\/v2\/tags?post=69084"}],"curies":[{"name":"wp","href":"https:\/\/api.w.org\/{rel}","templated":true}]}}