{"id":69081,"date":"2018-09-07T00:00:00","date_gmt":"2018-09-07T06:00:00","guid":{"rendered":"https:\/\/dralvarez.com.mx\/larevista\/blog\/impartiran-estandar-de-certificacion-para-educacion-media-superior-y-superior-29151"},"modified":"2018-09-07T00:00:00","modified_gmt":"2018-09-07T06:00:00","slug":"impartiran-estandar-de-certificacion-para-educacion-media-superior-y-superior-29151","status":"publish","type":"post","link":"https:\/\/dralvarez.com.mx\/larevista\/compeche\/impartiran-estandar-de-certificacion-para-educacion-media-superior-y-superior-29151","title":{"rendered":"Impartir\u00e1n est\u00e1ndar de certificaci\u00f3n para educaci\u00f3n media superior y superior"},"content":{"rendered":"<p>El Instituto de Capacitaci\u00f3n para el Trabajo del Estado de Campeche (ICATCAM) impartir\u00e1 el est\u00e1ndar de competencia 0647 \u201cPropiciar el aprendizaje significativo en educaci\u00f3n media superior y superior\u201d, a trav\u00e9s de su Entidad de Certificaci\u00f3n y Evaluaci\u00f3n, acreditada por Consejo Nacional de Normalizaci\u00f3n y Certificaci\u00f3n de Competencias Laborales (CONOCER), los d\u00edas 14 y 15 de septiembre en la sala audiovisual de la instituci\u00f3n.<\/p>\n<p>Al realizar la invitaci\u00f3n a los docentes en activo, el director general del ICATCAM, Carlos Ortiz Pi\u00f1era se\u00f1al\u00f3 que dicho est\u00e1ndar sirve como referente para la evaluaci\u00f3n y certificaci\u00f3n de las personas que imparten sesiones en el aula mediante la demostraci\u00f3n del desempe\u00f1o en las funciones, y que es equivalente a la Certificaci\u00f3n Docente (CERTIDEMS), conforme el Acuerdo entre el Comit\u00e9 Directivo del Sistema Nacional de Bachillerato y el Consejo para la Evaluaci\u00f3n de la Educaci\u00f3n Media Superior (COPEEMS).<\/p>\n<p>El curso se desarrollar\u00e1 el 14 y 15 de septiembre de 08:00 a 18:00 horas, que incluye la capacitaci\u00f3n, asesor\u00eda, evaluaci\u00f3n y certificado, en caso de resultar competente. Las sesiones estar\u00e1n divididas con los elementos: Planear secuencias did\u00e1cticas; propiciar ambientes de aprendizaje, y asesorar a los alumnos en referencia al resultado del aprendizaje obtenido durante la sesi\u00f3n-bloque-periodo.<\/p>\n<p>Ortiz Pi\u00f1era resalt\u00f3 que certificarse en dicho est\u00e1ndar de competencia, implica no s\u00f3lo satisfacer los criterios establecidos en la Reforma Educativa, sino cumplir con los requerimientos necesarios para ingresar, promoverse y permanecer en el Padr\u00f3n de Buena Calidad del Sistema Nacional de Educaci\u00f3n Media Superior.<\/p>\n<p>Las personas interesadas en la capacitaci\u00f3n pueden inscribirse en la Entidad de Certificaci\u00f3n y Evaluaci\u00f3n del ICATCAM, o comunicarse para mayores informes al 81 14960, extensi\u00f3n 125.<\/p>\n","protected":false},"excerpt":{"rendered":"<p>El curso se desarrollar\u00e1 el 14 y 15 de septiembre de 08:00 a 18:00 horas&#8230;<\/p>\n","protected":false},"author":1018,"featured_media":0,"comment_status":"open","ping_status":"open","sticky":false,"template":"","format":"standard","meta":{"tdm_status":"","tdm_grid_status":"","footnotes":""},"categories":[27],"tags":[],"_links":{"self":[{"href":"https:\/\/dralvarez.com.mx\/larevista\/wp-json\/wp\/v2\/posts\/69081"}],"collection":[{"href":"https:\/\/dralvarez.com.mx\/larevista\/wp-json\/wp\/v2\/posts"}],"about":[{"href":"https:\/\/dralvarez.com.mx\/larevista\/wp-json\/wp\/v2\/types\/post"}],"author":[{"embeddable":true,"href":"https:\/\/dralvarez.com.mx\/larevista\/wp-json\/wp\/v2\/users\/1018"}],"replies":[{"embeddable":true,"href":"https:\/\/dralvarez.com.mx\/larevista\/wp-json\/wp\/v2\/comments?post=69081"}],"version-history":[{"count":0,"href":"https:\/\/dralvarez.com.mx\/larevista\/wp-json\/wp\/v2\/posts\/69081\/revisions"}],"wp:attachment":[{"href":"https:\/\/dralvarez.com.mx\/larevista\/wp-json\/wp\/v2\/media?parent=69081"}],"wp:term":[{"taxonomy":"category","embeddable":true,"href":"https:\/\/dralvarez.com.mx\/larevista\/wp-json\/wp\/v2\/categories?post=69081"},{"taxonomy":"post_tag","embeddable":true,"href":"https:\/\/dralvarez.com.mx\/larevista\/wp-json\/wp\/v2\/tags?post=69081"}],"curies":[{"name":"wp","href":"https:\/\/api.w.org\/{rel}","templated":true}]}}