{"id":69054,"date":"2018-09-07T00:00:00","date_gmt":"2018-09-07T06:00:00","guid":{"rendered":"https:\/\/dralvarez.com.mx\/larevista\/blog\/asiste-gobernador-a-mensaje-del-presidente-de-la-republica-29124"},"modified":"2018-09-07T00:00:00","modified_gmt":"2018-09-07T06:00:00","slug":"asiste-gobernador-a-mensaje-del-presidente-de-la-republica-29124","status":"publish","type":"post","link":"https:\/\/dralvarez.com.mx\/larevista\/compeche\/asiste-gobernador-a-mensaje-del-presidente-de-la-republica-29124","title":{"rendered":"Asiste Gobernador a mensaje  del Presidente de la Rep\u00fablica"},"content":{"rendered":"<p><b>Especial \/ La Revista&nbsp;<\/b><\/p>\n<\/p>\n<p>El<br \/>\ngobernador Alejandro Moreno C\u00e1rdenas acompa\u00f1\u00f3 al presidente Enrique Pe\u00f1a Nieto<br \/>\ndurante el mensaje que envi\u00f3 a la naci\u00f3n con motivo de su sexto y \u00faltimo<br \/>\ninforme de gobierno. <\/p>\n<p>Desde<br \/>\nel patio central de Palacio Nacional, el mandatario federal asegur\u00f3 que hoy<br \/>\nM\u00e9xico es un mejor pa\u00eds que hace seis a\u00f1os, pues hay resultados tangibles,<br \/>\nimportantes fortalezas y estabilidad pol\u00edtica, social y econ\u00f3mica que sientan<br \/>\nlas bases para seguir creciendo en los pr\u00f3ximos a\u00f1os. <\/p>\n<p>\u201cHe<br \/>\ngobernado haciendo frente a los retos del presente, pensando en todo momento<br \/>\nforjar un M\u00e9xico para las pr\u00f3ximas generaciones y que sea un pa\u00eds m\u00e1s justo,<br \/>\nlibre y pr\u00f3spero\u201d, sostuvo.<\/p>\n<p><b>Entrega<br \/>\nde material escolar<\/b><\/p>\n<p>Por<br \/>\notra parte, la Presidenta del Patronato del DIF Estatal, Christelle Casta\u00f1\u00f3n de<br \/>\nMoreno, se\u00f1al\u00f3 al entregar mil 152 paquetes de \u00fatiles escolares del nivel de<br \/>\nprimaria para beneficio de las ni\u00f1as y ni\u00f1os que asisten a los 29 Centros de<br \/>\nDesarrollo Comunitario (CDC) que \u201cLa educaci\u00f3n, es una prioridad, es un motor<br \/>\nprincipal para el gobierno que encabeza mi esposo, Alejandro Moreno C\u00e1rdenas\u201d.<\/p>\n<p>La<br \/>\nentrega se realiz\u00f3 en el sal\u00f3n \u201cLilia Reyes de L\u00f3pez Hern\u00e1ndez\u201d de la Mansi\u00f3n<br \/>\nCarvajal, en la que estuvo acompa\u00f1ada por la Directora General del SEDIF,<br \/>\nSilvia Elena Parrao Arceo; el Secretario de Educaci\u00f3n (SEDUC) Ricardo Medina<br \/>\nFarf\u00e1n a quien agradeci\u00f3 su participaci\u00f3n a trav\u00e9s de diferentes programas para<br \/>\nbeneficio de las personas vulnerables, indic\u00f3, que la instituci\u00f3n continuar\u00e1<br \/>\nfortaleciendo la educaci\u00f3n y los CDC siempre con el valioso respaldo de las<br \/>\ntitulares de estos centros.<\/p>\n<p>Asimismo<br \/>\nCasta\u00f1\u00f3n de Moreno, agradeci\u00f3 a las titulares por su labor y resalt\u00f3, que los<br \/>\n29 Centros de Desarrollo Comunitario, pasaron de costureros a espacios<br \/>\nintegrales para el desarrollo de los ni\u00f1os, a quienes se les proporcionan las<br \/>\nherramientas necesarias para su educaci\u00f3n.<\/p>\n<p>Por<br \/>\nsu parte, el Secretario de Educaci\u00f3n (SEDUC), Ricardo Medina Farf\u00e1n, precis\u00f3,<br \/>\nque la actual administraci\u00f3n estatal, asegura el derecho a la educaci\u00f3n y a<br \/>\naprender, como es el inter\u00e9s del gobernador de que los ni\u00f1os tengan las<br \/>\nherramientas necesarias, trabajamos en conjunto para que ustedes sean capaces<br \/>\nde alcanzar sus metas, e inform\u00f3 que en el estado se han entregado 111 mil 160<br \/>\npaquetes de \u00fatiles escolares que incluyen primarias rurales, urbanas, telesecundarias<br \/>\ny Centros de Desarrollo Comunitario.<\/p>\n<p>Asistieron<br \/>\nel Delegado del Consejo Nacional de Fomento Educativo (CONAFE), Rom\u00e1n Iv\u00e1n<br \/>\nAcosta Estrella; la Directora de Desarrollo Familiar y Voluntariado del DIF<br \/>\nEstatal, Sonia Castilla Trevi\u00f1o; Blanca Uribe de Medina, coordinadora del CDC<br \/>\nSiglo XXI, titulares y encargadas de los CDC.<\/p>\n<p><b>Anuncian<br \/>\naplicaci\u00f3n de PLANEA<\/b><\/p>\n<p>De<br \/>\nigual forma, en acto el secretario de Educaci\u00f3n, Ricardo Medina Farf\u00e1n, al dar<br \/>\ninicio de manera simb\u00f3lica, en la Escuela Primaria \u201cGuadalupe Chan Perera\u201d, a<br \/>\nla aplicaci\u00f3n de la Evaluaci\u00f3n Diagn\u00f3stica Censal del Plan Nacional para la<br \/>\nEvaluaci\u00f3n de los Aprendizajes (PLANEA), dijo que \u201cSaber c\u00f3mo estamos, las<br \/>\n\u00e1reas que debemos reforzar y con base a esto, dise\u00f1ar estrategias que permitan<br \/>\nla mejora del aprendizaje de las ni\u00f1as y ni\u00f1os, es fundamental para alcanzar<br \/>\nlos objetivos proyectados en materia educativa\u201d.<\/p>\n<p>Durante<br \/>\neste acto, el titular de la Secretar\u00eda de Educaci\u00f3n (SEDUC), ante autoridades<br \/>\ninvitadas, docentes, alumnos, madres y padres de familia, se\u00f1al\u00f3 que a trav\u00e9s<br \/>\nde PLANEA, que se aplicar\u00e1 de manera simult\u00e1nea en Campeche, se valorar\u00e1 a un<br \/>\ntotal de 16 mil 866 alumnos de cuarto grado de 743 centros escolares de<br \/>\neducaci\u00f3n primaria, durante los d\u00edas 5 y 6 de septiembre.<\/p>\n<p>Medina<br \/>\nFarf\u00e1n puntualiz\u00f3 que esta evaluaci\u00f3n permitir\u00e1 ofrecer un diagn\u00f3stico de la<br \/>\nsituaci\u00f3n de los alumnos a la mitad de su educaci\u00f3n primaria en los campos de<br \/>\nespa\u00f1ol y matem\u00e1ticas y, derivado de los resultados que se obtengan, dise\u00f1ar<br \/>\nacciones para reforzar o mejorar el proceso de aprendizaje.<\/p>\n<p>\u201cLa<br \/>\nprueba sirve para saber qu\u00e9 tanto aprendieron sobre las cosas que vieron los<br \/>\na\u00f1os anteriores y d\u00f3nde est\u00e1n situados para que, este a\u00f1o que est\u00e1n iniciando,<br \/>\ny los que vienen, se puedan reforzar estos conocimientos; tambi\u00e9n, servir\u00e1 como<br \/>\ngu\u00eda para que sus maestros conozcan sus necesidades y puedan ense\u00f1arles de la<br \/>\nmejor forma para que tengan la oportunidad de seguir avanzando en su educaci\u00f3n\u201d<br \/>\nrefiri\u00f3.<\/p>\n<p>Cabe<br \/>\nmencionar que, en esta primera jornada, se aplic\u00f3 la evaluaci\u00f3n correspondiente<br \/>\na la asignatura de espa\u00f1ol, misma que dentro de sus unidades de an\u00e1lisis<br \/>\ncontempla: lectura y comprensi\u00f3n, as\u00ed como reflexi\u00f3n sobre la lengua.<\/p>\n<p>Por<br \/>\nsu parte, el coordinador Estatal de Evaluaci\u00f3n, Guadalupe Cu Balam, detall\u00f3 que<br \/>\nde los 743 planteles en los que se aplicar\u00e1 la prueba: 582 son primarias<br \/>\ngenerales, 51 ind\u00edgenas 59 particulares y 51 del Consejo Nacional de Fomento<br \/>\nEducativo (CONAFE); y los ex\u00e1menes contemplan 50 reactivos de opci\u00f3n m\u00faltiple<br \/>\npara cada materia.<\/p>\n<p>Durante<br \/>\nel acto, el secretario de Educaci\u00f3n, refrend\u00f3 el inter\u00e9s del gobernador del<br \/>\nEstado, Alejandro Moreno C\u00e1rdenas, en dotar de condiciones de infraestructura<br \/>\nadecuada a todos los planteles de la entidad por lo que, a nombre del<br \/>\nmandatario estatal, hizo entrega de un apoyo que permitir\u00e1 la adquisici\u00f3n de un<br \/>\naire acondicionado para habilitar el \u00faltimo sal\u00f3n que carec\u00eda de este<br \/>\nequipamiento.<\/p><\/p>\n","protected":false},"excerpt":{"rendered":"<p>Gobierno de Campeche.<\/p>\n","protected":false},"author":1018,"featured_media":0,"comment_status":"open","ping_status":"open","sticky":false,"template":"","format":"standard","meta":{"tdm_status":"","tdm_grid_status":"","footnotes":""},"categories":[27],"tags":[],"_links":{"self":[{"href":"https:\/\/dralvarez.com.mx\/larevista\/wp-json\/wp\/v2\/posts\/69054"}],"collection":[{"href":"https:\/\/dralvarez.com.mx\/larevista\/wp-json\/wp\/v2\/posts"}],"about":[{"href":"https:\/\/dralvarez.com.mx\/larevista\/wp-json\/wp\/v2\/types\/post"}],"author":[{"embeddable":true,"href":"https:\/\/dralvarez.com.mx\/larevista\/wp-json\/wp\/v2\/users\/1018"}],"replies":[{"embeddable":true,"href":"https:\/\/dralvarez.com.mx\/larevista\/wp-json\/wp\/v2\/comments?post=69054"}],"version-history":[{"count":0,"href":"https:\/\/dralvarez.com.mx\/larevista\/wp-json\/wp\/v2\/posts\/69054\/revisions"}],"wp:attachment":[{"href":"https:\/\/dralvarez.com.mx\/larevista\/wp-json\/wp\/v2\/media?parent=69054"}],"wp:term":[{"taxonomy":"category","embeddable":true,"href":"https:\/\/dralvarez.com.mx\/larevista\/wp-json\/wp\/v2\/categories?post=69054"},{"taxonomy":"post_tag","embeddable":true,"href":"https:\/\/dralvarez.com.mx\/larevista\/wp-json\/wp\/v2\/tags?post=69054"}],"curies":[{"name":"wp","href":"https:\/\/api.w.org\/{rel}","templated":true}]}}