{"id":69037,"date":"2018-09-06T00:00:00","date_gmt":"2018-09-06T06:00:00","guid":{"rendered":"https:\/\/dralvarez.com.mx\/larevista\/blog\/lideres-influyentes-cdmx-29106"},"modified":"2018-09-06T00:00:00","modified_gmt":"2018-09-06T06:00:00","slug":"lideres-influyentes-cdmx-29106","status":"publish","type":"post","link":"https:\/\/dralvarez.com.mx\/larevista\/compeche\/lideres-influyentes-cdmx-29106","title":{"rendered":"L\u00edderes influyentes-CDMX"},"content":{"rendered":"<\/p>\n<p>La revista L\u00edderes Mexicanos incluy\u00f3 en su lista anual<br \/>\nde Los 300 l\u00edderes m\u00e1s influyentes de M\u00e9xico 2018, al gobernador Alejandro<br \/>\nMoreno C\u00e1rdenas, en la categor\u00eda Poder Ejecutivo, quien esta tarde acudi\u00f3 a la<br \/>\ncomida ofrecida a los hombres y las mujeres del pa\u00eds que este a\u00f1o fueron<br \/>\nconsiderados referentes en los \u00e1mbitos cultural, deportivo, empresarial, art\u00edstico,<br \/>\npol\u00edtico y gubernamental, entre otros.<\/p>\n<p>&nbsp;<\/p>\n<p><\/p>\n","protected":false},"excerpt":{"rendered":"<p>La revista L\u00edderes Mexicanos incluy\u00f3 en su lista anual de Los 300 l\u00edderes m\u00e1s influyentes de M\u00e9xico 2018<\/p>\n","protected":false},"author":1018,"featured_media":0,"comment_status":"open","ping_status":"open","sticky":false,"template":"","format":"standard","meta":{"tdm_status":"","tdm_grid_status":"","footnotes":""},"categories":[27],"tags":[],"_links":{"self":[{"href":"https:\/\/dralvarez.com.mx\/larevista\/wp-json\/wp\/v2\/posts\/69037"}],"collection":[{"href":"https:\/\/dralvarez.com.mx\/larevista\/wp-json\/wp\/v2\/posts"}],"about":[{"href":"https:\/\/dralvarez.com.mx\/larevista\/wp-json\/wp\/v2\/types\/post"}],"author":[{"embeddable":true,"href":"https:\/\/dralvarez.com.mx\/larevista\/wp-json\/wp\/v2\/users\/1018"}],"replies":[{"embeddable":true,"href":"https:\/\/dralvarez.com.mx\/larevista\/wp-json\/wp\/v2\/comments?post=69037"}],"version-history":[{"count":0,"href":"https:\/\/dralvarez.com.mx\/larevista\/wp-json\/wp\/v2\/posts\/69037\/revisions"}],"wp:attachment":[{"href":"https:\/\/dralvarez.com.mx\/larevista\/wp-json\/wp\/v2\/media?parent=69037"}],"wp:term":[{"taxonomy":"category","embeddable":true,"href":"https:\/\/dralvarez.com.mx\/larevista\/wp-json\/wp\/v2\/categories?post=69037"},{"taxonomy":"post_tag","embeddable":true,"href":"https:\/\/dralvarez.com.mx\/larevista\/wp-json\/wp\/v2\/tags?post=69037"}],"curies":[{"name":"wp","href":"https:\/\/api.w.org\/{rel}","templated":true}]}}