{"id":69036,"date":"2018-09-06T00:00:00","date_gmt":"2018-09-06T06:00:00","guid":{"rendered":"https:\/\/dralvarez.com.mx\/larevista\/blog\/recibe-gobernador-amc-premio-a-las-mejores-practicas-de-gobiernos-locales-29105"},"modified":"2018-09-06T00:00:00","modified_gmt":"2018-09-06T06:00:00","slug":"recibe-gobernador-amc-premio-a-las-mejores-practicas-de-gobiernos-locales-29105","status":"publish","type":"post","link":"https:\/\/dralvarez.com.mx\/larevista\/compeche\/recibe-gobernador-amc-premio-a-las-mejores-practicas-de-gobiernos-locales-29105","title":{"rendered":"Recibe gobernador AMC premio a las mejores pr\u00e1cticas de gobiernos locales"},"content":{"rendered":"<p><b>CIUDAD DE M\u00c9XICO-<\/b>. El gobernador Alejandro Moreno C\u00e1rdenas recibi\u00f3&nbsp; noche el premio a las Mejores Pr\u00e1cticas de Gobiernos Locales, en la categor\u00eda Planeaci\u00f3n, que otorga la revista Alcaldes de M\u00e9xico.<\/p>\n<p>En breve mensaje, el mandatario campechano dijo que el desarrollo y el crecimiento de los estados est\u00e1 fincado en la buena planeaci\u00f3n: \u201cLa gestion va de la mano de una buena planeaci\u00f3n para poder detonar sectores como el turismo, campo e infraestructura\u201d.<\/p>\n<p>Dijo que Campeche ha demostrado que trabajando en equipo se puedan dar m\u00e1s y mejores resultados, y ejemplo de ello es que hoy es el estado con la menor incidencia delictiva del pa\u00eds y ha puesto en marcha programas importantes que involucran a los municipios y generan mejores oportunidades.<\/p>\n<p>\u2013Estamos convencidos que el federalismo se impulsa no solo pol\u00edticamente, sino tambi\u00e9n econ\u00f3micamente; teniendo municipios fuertes, con recursos, programas y proyectos se contribuye a elevar las condiciones de vida de los campechanos \u2013concluy\u00f3.<\/p>\n<p>El galard\u00f3n otorgado reconoce las acciones que ha impulsado la Secretar\u00eda de Planeaci\u00f3n estatal con los 11 ayuntamientos, para proporcionar herramientas que permitan evaluar con eficacia la propia gesti\u00f3n municipial.<\/p>\n<p><\/p>\n","protected":false},"excerpt":{"rendered":"<p>El gobernador Alejandro Moreno C\u00e1rdenas recibi\u00f3  noche el premio a las Mejores Pr\u00e1cticas de Gobiernos Locales..<\/p>\n","protected":false},"author":1018,"featured_media":0,"comment_status":"open","ping_status":"open","sticky":false,"template":"","format":"standard","meta":{"tdm_status":"","tdm_grid_status":"","footnotes":""},"categories":[27],"tags":[],"_links":{"self":[{"href":"https:\/\/dralvarez.com.mx\/larevista\/wp-json\/wp\/v2\/posts\/69036"}],"collection":[{"href":"https:\/\/dralvarez.com.mx\/larevista\/wp-json\/wp\/v2\/posts"}],"about":[{"href":"https:\/\/dralvarez.com.mx\/larevista\/wp-json\/wp\/v2\/types\/post"}],"author":[{"embeddable":true,"href":"https:\/\/dralvarez.com.mx\/larevista\/wp-json\/wp\/v2\/users\/1018"}],"replies":[{"embeddable":true,"href":"https:\/\/dralvarez.com.mx\/larevista\/wp-json\/wp\/v2\/comments?post=69036"}],"version-history":[{"count":0,"href":"https:\/\/dralvarez.com.mx\/larevista\/wp-json\/wp\/v2\/posts\/69036\/revisions"}],"wp:attachment":[{"href":"https:\/\/dralvarez.com.mx\/larevista\/wp-json\/wp\/v2\/media?parent=69036"}],"wp:term":[{"taxonomy":"category","embeddable":true,"href":"https:\/\/dralvarez.com.mx\/larevista\/wp-json\/wp\/v2\/categories?post=69036"},{"taxonomy":"post_tag","embeddable":true,"href":"https:\/\/dralvarez.com.mx\/larevista\/wp-json\/wp\/v2\/tags?post=69036"}],"curies":[{"name":"wp","href":"https:\/\/api.w.org\/{rel}","templated":true}]}}