{"id":69004,"date":"2018-09-05T00:00:00","date_gmt":"2018-09-05T06:00:00","guid":{"rendered":"https:\/\/dralvarez.com.mx\/larevista\/blog\/inauguro-christelle-castanon-de-moreno-dos-espacios-de-alimentacion-en-gira-de-trabajo-por-comunidades-de-champoton-29072"},"modified":"2018-09-05T00:00:00","modified_gmt":"2018-09-05T06:00:00","slug":"inauguro-christelle-castanon-de-moreno-dos-espacios-de-alimentacion-en-gira-de-trabajo-por-comunidades-de-champoton-29072","status":"publish","type":"post","link":"https:\/\/dralvarez.com.mx\/larevista\/compeche\/inauguro-christelle-castanon-de-moreno-dos-espacios-de-alimentacion-en-gira-de-trabajo-por-comunidades-de-champoton-29072","title":{"rendered":"Inaugur\u00f3 Christelle Casta\u00f1\u00f3n de moreno dos espacios de alimentaci\u00f3n en gira de trabajo por comunidades de Champot\u00f3n"},"content":{"rendered":"<p>\u201cTodos los esfuerzos que hacemos en conjunto todas la instancias de gobierno e instituciones sociales son para ustedes, nuestros ni\u00f1os; en el DIF Estatal es un d\u00eda de promesas cumplidas, gracias a la alianza entre Gobierno Federal, Estatal, Municipal, podemos dignificar el lugar donde toman sus alimentos las ni\u00f1as, ni\u00f1os y las personas vulnerables\u201d, subray\u00f3, la Presidenta del Patronato del DIF Estatal, Christelle Casta\u00f1\u00f3n de Moreno, al inaugurar dos Espacios de Alimentaci\u00f3n Encuentro y Desarrollo Comunitario en las comunidades de  Chilam Balam y Nayarit de Castellot, del municipio de Champot\u00f3n.<\/p>\n<p>\u201cCon el respaldo de mi esposo, el Gobernador del Estado, Alejandro Moreno C\u00e1rdenas, se genera gran avance en materia alimentaria, agradezco, de igual manera el invaluable apoyo del Presidente de la Rep\u00fablica Enrique Pe\u00f1a Nieto y al DIF Nacional que encabeza la se\u00f1ora Ang\u00e9lica Rivera de Pe\u00f1a, porque mediante el Ramo 12 pudimos construir y lograr el equipamiento y la calidad de sus servicios\u201d, indic\u00f3, Casta\u00f1\u00f3n de Moreno, al entregar  269 enseres de cocina para el mejorar la atenci\u00f3n de la coordinaci\u00f3n del lugar a los asistentes de la poblaci\u00f3n de Chilam Balam, a quienes reiter\u00f3 que la palabra comprometida de las autoridades es una realidad.<\/p>\n<p>Indic\u00f3, que hace tres a\u00f1os inici\u00f3 el recorrido visitando los espacios de toda la entidad para constatar su situaci\u00f3n y como resultado han sido dignificados, por lo que exhort\u00f3 a que los cuiden, manteni\u00e9ndolos limpios y en orden.<\/p>\n<p>Acompa\u00f1ada por la Directora General del SEDIF, Silvia Elena Parrao Arceo, del Presidente Municipal de Champot\u00f3n, Ra\u00fal Uribe Haydar y de su esposa la Presidenta del Sistema DIF Municipal, Jessareny Valencia de Uribe, llegaron a la comunidad de Chilam Balam, donde inauguraron el Espacio \u201cCarita Feliz\u201d que brinda atenci\u00f3n a los alumnos de la escuela primaria \u201cAdolfo L\u00f3pez Mateos\u201d y a grupos vulnerables, acto que los pobladores agradecieron por la dignificaci\u00f3n de este Espacio que adem\u00e1s de ofrecer una raci\u00f3n de comida nutritiva y balanceada propicia la integraci\u00f3n comunitaria.<\/p>\n<p>Posteriormente, las autoridades se trasladaron a la comunidad de Nayarit de Castellot, donde inauguraron el Espacio de Alimentaci\u00f3n \u201cEl Futuro de los Ni\u00f1os\u201d, que significa el compromiso de atender a las ni\u00f1as, ni\u00f1os y grupos vulnerables de esa poblaci\u00f3n, ofreciendo  un trato cercano, \u00edntegro y humano, con convicci\u00f3n de servicio. Ah\u00ed entreg\u00f3  215 enseres y mobiliario, y agradeci\u00f3 a las mam\u00e1s su apoyo para el correcto funcionamiento del lugar.<\/p>\n<p>En su mensaje, el alcalde Ra\u00fal Uribe Haydar agradeci\u00f3 a las autoridades estatales que siempre se han preocupado por el desarrollo de Champot\u00f3n y al despedirse envi\u00f3 un cordial saludo al Gobernador del Estado, Alejandro Moreno C\u00e1rdenas significando todo su apoyo al desarrollo de los ni\u00f1os de Champot\u00f3n.<\/p>\n<p><\/p>\n","protected":false},"excerpt":{"rendered":"<p>\u201cTodos los esfuerzos que hacemos en conjunto todas la instancias de gobierno e instituciones sociales son para ustedes, nuestros ni\u00f1os&#8221;&#8230;<\/p>\n","protected":false},"author":1018,"featured_media":0,"comment_status":"open","ping_status":"open","sticky":false,"template":"","format":"standard","meta":{"tdm_status":"","tdm_grid_status":"","footnotes":""},"categories":[27],"tags":[],"_links":{"self":[{"href":"https:\/\/dralvarez.com.mx\/larevista\/wp-json\/wp\/v2\/posts\/69004"}],"collection":[{"href":"https:\/\/dralvarez.com.mx\/larevista\/wp-json\/wp\/v2\/posts"}],"about":[{"href":"https:\/\/dralvarez.com.mx\/larevista\/wp-json\/wp\/v2\/types\/post"}],"author":[{"embeddable":true,"href":"https:\/\/dralvarez.com.mx\/larevista\/wp-json\/wp\/v2\/users\/1018"}],"replies":[{"embeddable":true,"href":"https:\/\/dralvarez.com.mx\/larevista\/wp-json\/wp\/v2\/comments?post=69004"}],"version-history":[{"count":0,"href":"https:\/\/dralvarez.com.mx\/larevista\/wp-json\/wp\/v2\/posts\/69004\/revisions"}],"wp:attachment":[{"href":"https:\/\/dralvarez.com.mx\/larevista\/wp-json\/wp\/v2\/media?parent=69004"}],"wp:term":[{"taxonomy":"category","embeddable":true,"href":"https:\/\/dralvarez.com.mx\/larevista\/wp-json\/wp\/v2\/categories?post=69004"},{"taxonomy":"post_tag","embeddable":true,"href":"https:\/\/dralvarez.com.mx\/larevista\/wp-json\/wp\/v2\/tags?post=69004"}],"curies":[{"name":"wp","href":"https:\/\/api.w.org\/{rel}","templated":true}]}}