{"id":69003,"date":"2018-09-05T00:00:00","date_gmt":"2018-09-05T06:00:00","guid":{"rendered":"https:\/\/dralvarez.com.mx\/larevista\/blog\/aplicara-seduc-evaluacion-planea-a-mas-de-16-mil-alumnos-de-primaria-29071"},"modified":"2018-09-05T00:00:00","modified_gmt":"2018-09-05T06:00:00","slug":"aplicara-seduc-evaluacion-planea-a-mas-de-16-mil-alumnos-de-primaria-29071","status":"publish","type":"post","link":"https:\/\/dralvarez.com.mx\/larevista\/compeche\/aplicara-seduc-evaluacion-planea-a-mas-de-16-mil-alumnos-de-primaria-29071","title":{"rendered":"Aplicar\u00e1 SEDUC evaluaci\u00f3n planea a m\u00e1s De 16 mil alumnos de primaria"},"content":{"rendered":"<p>Ser\u00e1 este mi\u00e9rcoles 5 y jueves 6 de septiembre del a\u00f1o en curso, en que la Secretar\u00eda de Educaci\u00f3n del Estado (SEDUC) aplique la Evaluaci\u00f3n Diagn\u00f3stica Censal del Plan Nacional para la Evaluaci\u00f3n de los Aprendizajes (PLANEA), a m\u00e1s de 16 mil ni\u00f1as y ni\u00f1os de cuarto grado de primaria de toda la geograf\u00eda estatal.<\/p>\n<p>El coordinador Estatal de Evaluaci\u00f3n, Guadalupe Cu Balam, refiri\u00f3 que PLANEA Diagn\u00f3stica tiene por objetivo conocer los logros y aprendizajes que tienen los alumnos hasta su cuarto a\u00f1o de educaci\u00f3n primaria y que los docentes puedan conocer la situaci\u00f3n de sus educandos, que reflexionen sobre sus fortalezas y \u00e1reas de oportunidad, para con ello, dise\u00f1ar mejores estrategias de ense\u00f1anza que enriquezcan la ruta de mejora de sus escuelas.<\/p>\n<p>\u201cA trav\u00e9s de esta prueba se busca obtener un panorama de los aprendizajes de los estudiantes desde su primer, hasta su cuarto a\u00f1o, que es el punto medio para saber c\u00f3mo se encuentran, determinar sus fortalezas, debilidades y oportunidades de mejora para que, con esto, se dise\u00f1en planes de acci\u00f3n que permitan, a lo largo de los pr\u00f3ximos a\u00f1os, mejorar sus logros de aprendizaje y concluir su educaci\u00f3n primaria con un nivel m\u00e1s alto\u201d, dijo.<\/p>\n<p>El funcionario de la SEDUC inform\u00f3 que en total ser\u00e1n 16 mil 866 alumnos de 743 planteles: 582 generales, 51 ind\u00edgenas 59 particulares y 51 del Consejo Nacional de Fomento Educativo (CONAFE), quienes participar\u00e1n en esta jornada.<\/p>\n<p>Cu Balam refiri\u00f3 que esta prueba dise\u00f1ada por la Secretar\u00eda de Educaci\u00f3n P\u00fablica (SEP), evaluar\u00e1 los aprendizajes obtenidos por los menores en espa\u00f1ol y matem\u00e1ticas y cada examen est\u00e1 conformado por 50 preguntas de opci\u00f3n m\u00faltiple.<\/p>\n","protected":false},"excerpt":{"rendered":"<p>Se realizar\u00e1 el 5 y 6 de septiembre&#8230;<\/p>\n","protected":false},"author":1018,"featured_media":0,"comment_status":"open","ping_status":"open","sticky":false,"template":"","format":"standard","meta":{"tdm_status":"","tdm_grid_status":"","footnotes":""},"categories":[27],"tags":[],"_links":{"self":[{"href":"https:\/\/dralvarez.com.mx\/larevista\/wp-json\/wp\/v2\/posts\/69003"}],"collection":[{"href":"https:\/\/dralvarez.com.mx\/larevista\/wp-json\/wp\/v2\/posts"}],"about":[{"href":"https:\/\/dralvarez.com.mx\/larevista\/wp-json\/wp\/v2\/types\/post"}],"author":[{"embeddable":true,"href":"https:\/\/dralvarez.com.mx\/larevista\/wp-json\/wp\/v2\/users\/1018"}],"replies":[{"embeddable":true,"href":"https:\/\/dralvarez.com.mx\/larevista\/wp-json\/wp\/v2\/comments?post=69003"}],"version-history":[{"count":0,"href":"https:\/\/dralvarez.com.mx\/larevista\/wp-json\/wp\/v2\/posts\/69003\/revisions"}],"wp:attachment":[{"href":"https:\/\/dralvarez.com.mx\/larevista\/wp-json\/wp\/v2\/media?parent=69003"}],"wp:term":[{"taxonomy":"category","embeddable":true,"href":"https:\/\/dralvarez.com.mx\/larevista\/wp-json\/wp\/v2\/categories?post=69003"},{"taxonomy":"post_tag","embeddable":true,"href":"https:\/\/dralvarez.com.mx\/larevista\/wp-json\/wp\/v2\/tags?post=69003"}],"curies":[{"name":"wp","href":"https:\/\/api.w.org\/{rel}","templated":true}]}}