{"id":68982,"date":"2018-09-04T00:00:00","date_gmt":"2018-09-04T06:00:00","guid":{"rendered":"https:\/\/dralvarez.com.mx\/larevista\/blog\/gobernador-amc-vi-informe-epn-29050"},"modified":"2018-09-04T00:00:00","modified_gmt":"2018-09-04T06:00:00","slug":"gobernador-amc-vi-informe-epn-29050","status":"publish","type":"post","link":"https:\/\/dralvarez.com.mx\/larevista\/compeche\/gobernador-amc-vi-informe-epn-29050","title":{"rendered":"Gobernador AMC-VI informe EPN"},"content":{"rendered":"<\/p>\n<p><b>CIUDAD DE M\u00c9XICO.- <\/b>El gobernador Alejandro Moreno<br \/>\nC\u00e1rdenas acompa\u00f1\u00f3 al presidente Enrique Pe\u00f1a Nieto durante el mensaje que envi\u00f3<br \/>\na la naci\u00f3n con motivo de su sexto y \u00faltimo informe de gobierno. Desde el patio<br \/>\ncentral de Palacio Nacional, el mandatario federal asegur\u00f3 que hoy M\u00e9xico es un<br \/>\nmejor pa\u00eds que hace seis a\u00f1os, pues hay resultados tangibles, importantes<br \/>\nfortalezas y estabilidad pol\u00edtica, social y econ\u00f3mica que sientan las bases<br \/>\npara seguir creciendo en los pr\u00f3ximos a\u00f1os. \u201cHe<br \/>\ngobernado haciendo frente a los retos del presente, pensando en todo momento<br \/>\nforjar un M\u00e9xico para las pr\u00f3ximas generaciones y que sea un pa\u00eds m\u00e1s justo,<br \/>\nlibre y pr\u00f3spero\u201d, sostuvo.<\/p>\n<p><\/p>\n","protected":false},"excerpt":{"rendered":"<p>El gobernador Alejandro Moreno C\u00e1rdenas acompa\u00f1\u00f3 al presidente Enrique Pe\u00f1a Nieto durante el mensaje que envi\u00f3 a la naci\u00f3n con motivo de su sexto y \u00fal<\/p>\n","protected":false},"author":1018,"featured_media":0,"comment_status":"open","ping_status":"open","sticky":false,"template":"","format":"standard","meta":{"tdm_status":"","tdm_grid_status":"","footnotes":""},"categories":[27],"tags":[],"_links":{"self":[{"href":"https:\/\/dralvarez.com.mx\/larevista\/wp-json\/wp\/v2\/posts\/68982"}],"collection":[{"href":"https:\/\/dralvarez.com.mx\/larevista\/wp-json\/wp\/v2\/posts"}],"about":[{"href":"https:\/\/dralvarez.com.mx\/larevista\/wp-json\/wp\/v2\/types\/post"}],"author":[{"embeddable":true,"href":"https:\/\/dralvarez.com.mx\/larevista\/wp-json\/wp\/v2\/users\/1018"}],"replies":[{"embeddable":true,"href":"https:\/\/dralvarez.com.mx\/larevista\/wp-json\/wp\/v2\/comments?post=68982"}],"version-history":[{"count":0,"href":"https:\/\/dralvarez.com.mx\/larevista\/wp-json\/wp\/v2\/posts\/68982\/revisions"}],"wp:attachment":[{"href":"https:\/\/dralvarez.com.mx\/larevista\/wp-json\/wp\/v2\/media?parent=68982"}],"wp:term":[{"taxonomy":"category","embeddable":true,"href":"https:\/\/dralvarez.com.mx\/larevista\/wp-json\/wp\/v2\/categories?post=68982"},{"taxonomy":"post_tag","embeddable":true,"href":"https:\/\/dralvarez.com.mx\/larevista\/wp-json\/wp\/v2\/tags?post=68982"}],"curies":[{"name":"wp","href":"https:\/\/api.w.org\/{rel}","templated":true}]}}