{"id":68980,"date":"2018-09-04T00:00:00","date_gmt":"2018-09-04T06:00:00","guid":{"rendered":"https:\/\/dralvarez.com.mx\/larevista\/blog\/entrega-christelle-castanon-de-moreno-material-escolar-a-favor-de-los-29-centros-de-desarrollo-comunitario-29048"},"modified":"2018-09-04T00:00:00","modified_gmt":"2018-09-04T06:00:00","slug":"entrega-christelle-castanon-de-moreno-material-escolar-a-favor-de-los-29-centros-de-desarrollo-comunitario-29048","status":"publish","type":"post","link":"https:\/\/dralvarez.com.mx\/larevista\/compeche\/entrega-christelle-castanon-de-moreno-material-escolar-a-favor-de-los-29-centros-de-desarrollo-comunitario-29048","title":{"rendered":"Entrega Christelle Casta\u00f1\u00f3n de moreno material escolar A favor de los 29 centros de desarrollo comunitario"},"content":{"rendered":"<p>\u201cLa educaci\u00f3n, es una prioridad, es un motor principal para el gobierno que encabeza mi esposo, Alejandro Moreno C\u00e1rdenas\u201d, precis\u00f3, la Presidenta del Patronato del DIF Estatal, Christelle Casta\u00f1\u00f3n de Moreno, al entregar mil 152 paquetes de \u00fatiles escolares del nivel de primaria para beneficio de las ni\u00f1as y ni\u00f1os que asisten a los 29 Centros de Desarrollo Comunitario (CDC).<\/p>\n<p>La entrega se realiz\u00f3 en el sal\u00f3n \u201cLilia Reyes de L\u00f3pez Hern\u00e1ndez\u201d de la Mansi\u00f3n Carvajal, en la que estuvo acompa\u00f1ada por la Directora General del SEDIF, Silvia Elena Parrao Arceo; el Secretario de Educaci\u00f3n (SEDUC) Ricardo Medina Farf\u00e1n a quien agradeci\u00f3 su participaci\u00f3n a trav\u00e9s de diferentes programas para beneficio de las personas vulnerables, indic\u00f3, que la instituci\u00f3n continuar\u00e1 fortaleciendo la educaci\u00f3n y los CDC siempre con el valioso respaldo de las titulares de estos centros.<\/p>\n<p>Asimismo Casta\u00f1\u00f3n de Moreno, agradeci\u00f3 a las titulares por su labor y resalt\u00f3, que los 29 Centros de Desarrollo Comunitario, pasaron de costureros a espacios integrales para el desarrollo de los ni\u00f1os, a quienes se les proporcionan las herramientas necesarias para su educaci\u00f3n.<\/p>\n<p>Por su parte, el Secretario de Educaci\u00f3n (SEDUC), Ricardo Medina Farf\u00e1n, precis\u00f3, que la actual administraci\u00f3n estatal, asegura el derecho a la educaci\u00f3n y a aprender, como es el inter\u00e9s del gobernador de que los ni\u00f1os tengan las herramientas necesarias, trabajamos en conjunto para que ustedes sean capaces de alcanzar sus metas, e inform\u00f3 que en el estado se han entregado 111 mil 160 paquetes de \u00fatiles escolares que incluyen primarias rurales, urbanas, telesecundarias y Centros de Desarrollo Comunitario.<\/p>\n<p>Asistieron el Delegado del Consejo Nacional de Fomento Educativo (CONAFE), Rom\u00e1n Iv\u00e1n Acosta Estrella; la Directora de Desarrollo Familiar y Voluntariado del DIF Estatal, Sonia Castilla Trevi\u00f1o; Blanca Uribe de Medina, coordinadora del  CDC Siglo XXI,  titulares  y encargadas de los CDC.<\/p>\n","protected":false},"excerpt":{"rendered":"<p>\u201cLa educaci\u00f3n, es una prioridad, es un motor principal para el gobierno que encabeza mi esposo, Alejandro Moreno C\u00e1rdenas\u201d&#8230;<\/p>\n","protected":false},"author":1018,"featured_media":0,"comment_status":"open","ping_status":"open","sticky":false,"template":"","format":"standard","meta":{"tdm_status":"","tdm_grid_status":"","footnotes":""},"categories":[27],"tags":[],"_links":{"self":[{"href":"https:\/\/dralvarez.com.mx\/larevista\/wp-json\/wp\/v2\/posts\/68980"}],"collection":[{"href":"https:\/\/dralvarez.com.mx\/larevista\/wp-json\/wp\/v2\/posts"}],"about":[{"href":"https:\/\/dralvarez.com.mx\/larevista\/wp-json\/wp\/v2\/types\/post"}],"author":[{"embeddable":true,"href":"https:\/\/dralvarez.com.mx\/larevista\/wp-json\/wp\/v2\/users\/1018"}],"replies":[{"embeddable":true,"href":"https:\/\/dralvarez.com.mx\/larevista\/wp-json\/wp\/v2\/comments?post=68980"}],"version-history":[{"count":0,"href":"https:\/\/dralvarez.com.mx\/larevista\/wp-json\/wp\/v2\/posts\/68980\/revisions"}],"wp:attachment":[{"href":"https:\/\/dralvarez.com.mx\/larevista\/wp-json\/wp\/v2\/media?parent=68980"}],"wp:term":[{"taxonomy":"category","embeddable":true,"href":"https:\/\/dralvarez.com.mx\/larevista\/wp-json\/wp\/v2\/categories?post=68980"},{"taxonomy":"post_tag","embeddable":true,"href":"https:\/\/dralvarez.com.mx\/larevista\/wp-json\/wp\/v2\/tags?post=68980"}],"curies":[{"name":"wp","href":"https:\/\/api.w.org\/{rel}","templated":true}]}}